{"id":39669,"date":"2018-09-05T20:33:28","date_gmt":"2018-09-05T23:33:28","guid":{"rendered":"https:\/\/eldiariodesanpedro.com.ar\/sitio\/?p=39669"},"modified":"2018-09-05T20:35:31","modified_gmt":"2018-09-05T23:35:31","slug":"dos-paracaidistas-del-ejercito-quedaron-enganchados-en-un-arbol","status":"publish","type":"post","link":"https:\/\/eldiariodesanpedro.com.ar\/sitio\/dos-paracaidistas-del-ejercito-quedaron-enganchados-en-un-arbol\/","title":{"rendered":"Dos paracaidistas del Ej\u00e9rcito quedaron enganchados en un \u00e1rbol"},"content":{"rendered":"<p><!-- VideographyWP Plugin Message: Automatic video embedding prevented by plugin options. --><br \/>\nSon parte del grupo que entrenaba en el Aer\u00f3dromo de nuestra ciudad. Uno de ellos debi\u00f3 ser rescatado por los Bomberos. <\/p>\n<p>  Dos soldados del Ej\u00e9rcito Argentino que efectuaban trabajos de entrenamiento en nuestra ciudad sufrieron distintos incidentes. Sucedi\u00f3 durante la tarde del martes en los campos de los alrededores del Aer\u00f3dromo de nuestra ciudad y cuando muchos de los uniformados debutaban en este tipo de actividades.<br \/>\n  El primero de los accidentes se produjo alrededor de las 17.30 hs cuando uno de los paracaidistas pretend\u00eda tocar suelo, pero algo fall\u00f3 y se enganch\u00f3 de un \u00e1rbol. Sus propios compa\u00f1eros lograron liberarlo de la inc\u00f3moda posici\u00f3n en la que hab\u00eda quedado.<br \/>\n  Una hora m\u00e1s tarde una soldado que se hab\u00eda arrojado en paraca\u00eddas tuvo un accidente similar al quedar enganchada de una cortina de eucaliptos ubicada sobre uno de los campos linderos con el Aer\u00f3dromo. All\u00ed s\u00ed la situaci\u00f3n fue mucho m\u00e1s compleja ya que la soldado qued\u00f3 arriba del \u00e1rbol y debieron convocar a los Bomberos Voluntarios para poder liberarlo.<br \/>\n  Por primera vez hubo que utilizar el hidroelevador adquirido hace pocas semanas por la entidad local. As\u00ed se logr\u00f3 llegar a la parte superior del \u00e1rbol en donde se encontraba enganchado la soldado y, en cuesti\u00f3n de minutos pudo descender sin ning\u00fan tipo de inconveniente. <\/p>\n<p><strong>Tareas para rescatar el paraca\u00eddas del Ej\u00e9rcito <\/strong><br \/>\n  Este mi\u00e9rcoles se reanudaron las tareas para rescatar el paraca\u00eddas del Ej\u00e9rcito enganchado en una cortina de eucaliptos durante la tarde del martes. Entre el personal del Ej\u00e9rcito y los Bomberos trabajaron para descolgar el paraca\u00eddas que qued\u00f3 pendiendo de un \u00e1rbol.<br \/>\n  Por circunstancias que se desconocen la mujer que descend\u00eda termin\u00f3 enganch\u00e1ndose a varios metros del suelo. El paraca\u00eddas qued\u00f3 prendido de las ramas del \u00e1rbol mientras que la soldado logr\u00f3 sostenerse, pero tambi\u00e9n a varios metros de altura.<br \/>\n  La mujer pudo ser rescatada en perfectas condiciones, pero el paraca\u00eddas qued\u00f3 agarrado del \u00e1rbol y por falta de luz se postergaron los trabajos que hab\u00edan iniciado Bomberos y el personal del Ej\u00e9rcito. Ayer, con la utilizaci\u00f3n del hidroelevador de Bomberos, consiguieron descolgarlo. <\/p>\n<p><img decoding=\"async\" data-attachment-id=\"39672\" data-permalink=\"https:\/\/eldiariodesanpedro.com.ar\/sitio\/dos-paracaidistas-del-ejercito-quedaron-enganchados-en-un-arbol\/tapa-36\/\" data-orig-file=\"https:\/\/eldiariodesanpedro.com.ar\/sitio\/wp-content\/uploads\/2018\/09\/TAPA.jpg\" data-orig-size=\"1024,768\" data-comments-opened=\"1\" data-image-meta=\"{&quot;aperture&quot;:&quot;0&quot;,&quot;credit&quot;:&quot;&quot;,&quot;camera&quot;:&quot;&quot;,&quot;caption&quot;:&quot;&quot;,&quot;created_timestamp&quot;:&quot;0&quot;,&quot;copyright&quot;:&quot;&quot;,&quot;focal_length&quot;:&quot;0&quot;,&quot;iso&quot;:&quot;0&quot;,&quot;shutter_speed&quot;:&quot;0&quot;,&quot;title&quot;:&quot;&quot;,&quot;orientation&quot;:&quot;0&quot;}\" data-image-title=\"TAPA\" data-image-description=\"\" data-image-caption=\"\" data-large-file=\"https:\/\/eldiariodesanpedro.com.ar\/sitio\/wp-content\/uploads\/2018\/09\/TAPA-1024x768.jpg\" data-src=\"https:\/\/eldiariodesanpedro.com.ar\/sitio\/wp-content\/uploads\/2018\/09\/TAPA-1024x768.jpg\" alt=\"\" width=\"660\" height=\"495\" class=\"alignnone size-large wp-image-39672 lazyload\" data-srcset=\"https:\/\/eldiariodesanpedro.com.ar\/sitio\/wp-content\/uploads\/2018\/09\/TAPA.jpg 1024w, https:\/\/eldiariodesanpedro.com.ar\/sitio\/wp-content\/uploads\/2018\/09\/TAPA-300x225.jpg 300w, https:\/\/eldiariodesanpedro.com.ar\/sitio\/wp-content\/uploads\/2018\/09\/TAPA-768x576.jpg 768w\" data-sizes=\"(max-width: 660px) 100vw, 660px\" src=\"data:image\/svg+xml;base64,PHN2ZyB3aWR0aD0iMSIgaGVpZ2h0PSIxIiB4bWxucz0iaHR0cDovL3d3dy53My5vcmcvMjAwMC9zdmciPjwvc3ZnPg==\" style=\"--smush-placeholder-width: 660px; --smush-placeholder-aspect-ratio: 660\/495;\" \/><\/p>\n<p>Fuente: San Pedro Informa<\/p>\n","protected":false},"excerpt":{"rendered":"<p>Son parte del grupo que entrenaba en el Aer\u00f3dromo de nuestra ciudad. Uno de ellos debi\u00f3 ser rescatado por los Bomberos. Dos soldados del Ej\u00e9rcito Argentino que efectuaban trabajos de entrenamiento en nuestra ciudad sufrieron distintos incidentes. Sucedi\u00f3 durante la tarde del martes en los campos de los alrededores del Aer\u00f3dromo de nuestra ciudad y [&hellip;]<\/p>\n","protected":false},"author":4,"featured_media":39670,"comment_status":"open","ping_status":"closed","sticky":false,"template":"","format":"standard","meta":{"om_disable_all_campaigns":false,"_jetpack_memberships_contains_paid_content":false,"footnotes":""},"categories":[2,103],"tags":[],"class_list":["post-39669","post","type-post","status-publish","format-standard","has-post-thumbnail","hentry","category-locales","category-policiales-locales"],"aioseo_notices":[],"gutentor_comment":0,"jetpack_featured_media_url":"https:\/\/eldiariodesanpedro.com.ar\/sitio\/wp-content\/uploads\/2018\/09\/Bomberos-trabajando-con-el-hidroelevador.jpg","jetpack_shortlink":"https:\/\/wp.me\/p6RhLt-ajP","jetpack_sharing_enabled":true,"_links":{"self":[{"href":"https:\/\/eldiariodesanpedro.com.ar\/sitio\/wp-json\/wp\/v2\/posts\/39669","targetHints":{"allow":["GET"]}}],"collection":[{"href":"https:\/\/eldiariodesanpedro.com.ar\/sitio\/wp-json\/wp\/v2\/posts"}],"about":[{"href":"https:\/\/eldiariodesanpedro.com.ar\/sitio\/wp-json\/wp\/v2\/types\/post"}],"author":[{"embeddable":true,"href":"https:\/\/eldiariodesanpedro.com.ar\/sitio\/wp-json\/wp\/v2\/users\/4"}],"replies":[{"embeddable":true,"href":"https:\/\/eldiariodesanpedro.com.ar\/sitio\/wp-json\/wp\/v2\/comments?post=39669"}],"version-history":[{"count":3,"href":"https:\/\/eldiariodesanpedro.com.ar\/sitio\/wp-json\/wp\/v2\/posts\/39669\/revisions"}],"predecessor-version":[{"id":39674,"href":"https:\/\/eldiariodesanpedro.com.ar\/sitio\/wp-json\/wp\/v2\/posts\/39669\/revisions\/39674"}],"wp:featuredmedia":[{"embeddable":true,"href":"https:\/\/eldiariodesanpedro.com.ar\/sitio\/wp-json\/wp\/v2\/media\/39670"}],"wp:attachment":[{"href":"https:\/\/eldiariodesanpedro.com.ar\/sitio\/wp-json\/wp\/v2\/media?parent=39669"}],"wp:term":[{"taxonomy":"category","embeddable":true,"href":"https:\/\/eldiariodesanpedro.com.ar\/sitio\/wp-json\/wp\/v2\/categories?post=39669"},{"taxonomy":"post_tag","embeddable":true,"href":"https:\/\/eldiariodesanpedro.com.ar\/sitio\/wp-json\/wp\/v2\/tags?post=39669"}],"curies":[{"name":"wp","href":"https:\/\/api.w.org\/{rel}","templated":true}]}}