{"id":39658,"date":"2018-09-05T18:01:24","date_gmt":"2018-09-05T21:01:24","guid":{"rendered":"https:\/\/eldiariodesanpedro.com.ar\/sitio\/?p=39658"},"modified":"2018-09-05T18:01:24","modified_gmt":"2018-09-05T21:01:24","slug":"reparaciones-y-mejoras-en-el-area-de-salud-del-cic","status":"publish","type":"post","link":"https:\/\/eldiariodesanpedro.com.ar\/sitio\/reparaciones-y-mejoras-en-el-area-de-salud-del-cic\/","title":{"rendered":"Reparaciones y mejoras en el \u00e1rea de Salud del CIC"},"content":{"rendered":"<p><!-- VideographyWP Plugin Message: Automatic video embedding prevented by plugin options. --><br \/>\nLa Municipalidad de San Pedro informa que concluyeron trabajos de remodelaci\u00f3n y reparaci\u00f3n en el \u00e1rea de Salud del CIC,  encuadrados en la continuidad del mantenimiento de todos los espacios que son muy importantes para los vecinos, especialmente en zonas alejadas del Hospital. <\/p>\n<p>Las tareas tuvieron que ver con instalaciones el\u00e9ctricas que adem\u00e1s las requer\u00edan por cuestiones de seguridad. Se realizaron cambios de cajas exteriores en el tablero el\u00e9ctrico principal, disyuntor y t\u00e9rmicas para alimentaci\u00f3n de tablero, colocaci\u00f3n de cables subterr\u00e1neos de alimentaci\u00f3n y tableros indicadores para las zonas de pasillos, consultorios, enfermer\u00eda y cocinas. Adem\u00e1s se reemplazaron ca\u00f1er\u00edas de hierro, cableados y luminarias Led en salas de espera.<\/p>\n","protected":false},"excerpt":{"rendered":"<p>La Municipalidad de San Pedro informa que concluyeron trabajos de remodelaci\u00f3n y reparaci\u00f3n en el \u00e1rea de Salud del CIC, encuadrados en la continuidad del mantenimiento de todos los espacios que son muy importantes para los vecinos, especialmente en zonas alejadas del Hospital. Las tareas tuvieron que ver con instalaciones el\u00e9ctricas que adem\u00e1s las requer\u00edan [&hellip;]<\/p>\n","protected":false},"author":4,"featured_media":39659,"comment_status":"open","ping_status":"closed","sticky":false,"template":"","format":"standard","meta":{"om_disable_all_campaigns":false,"_jetpack_memberships_contains_paid_content":false,"footnotes":""},"categories":[101,2],"tags":[],"class_list":["post-39658","post","type-post","status-publish","format-standard","has-post-thumbnail","hentry","category-interes-general-locales","category-locales"],"aioseo_notices":[],"gutentor_comment":0,"jetpack_featured_media_url":"https:\/\/eldiariodesanpedro.com.ar\/sitio\/wp-content\/uploads\/2018\/09\/cic1.jpg","jetpack_shortlink":"https:\/\/wp.me\/p6RhLt-ajE","jetpack_sharing_enabled":true,"_links":{"self":[{"href":"https:\/\/eldiariodesanpedro.com.ar\/sitio\/wp-json\/wp\/v2\/posts\/39658","targetHints":{"allow":["GET"]}}],"collection":[{"href":"https:\/\/eldiariodesanpedro.com.ar\/sitio\/wp-json\/wp\/v2\/posts"}],"about":[{"href":"https:\/\/eldiariodesanpedro.com.ar\/sitio\/wp-json\/wp\/v2\/types\/post"}],"author":[{"embeddable":true,"href":"https:\/\/eldiariodesanpedro.com.ar\/sitio\/wp-json\/wp\/v2\/users\/4"}],"replies":[{"embeddable":true,"href":"https:\/\/eldiariodesanpedro.com.ar\/sitio\/wp-json\/wp\/v2\/comments?post=39658"}],"version-history":[{"count":1,"href":"https:\/\/eldiariodesanpedro.com.ar\/sitio\/wp-json\/wp\/v2\/posts\/39658\/revisions"}],"predecessor-version":[{"id":39660,"href":"https:\/\/eldiariodesanpedro.com.ar\/sitio\/wp-json\/wp\/v2\/posts\/39658\/revisions\/39660"}],"wp:featuredmedia":[{"embeddable":true,"href":"https:\/\/eldiariodesanpedro.com.ar\/sitio\/wp-json\/wp\/v2\/media\/39659"}],"wp:attachment":[{"href":"https:\/\/eldiariodesanpedro.com.ar\/sitio\/wp-json\/wp\/v2\/media?parent=39658"}],"wp:term":[{"taxonomy":"category","embeddable":true,"href":"https:\/\/eldiariodesanpedro.com.ar\/sitio\/wp-json\/wp\/v2\/categories?post=39658"},{"taxonomy":"post_tag","embeddable":true,"href":"https:\/\/eldiariodesanpedro.com.ar\/sitio\/wp-json\/wp\/v2\/tags?post=39658"}],"curies":[{"name":"wp","href":"https:\/\/api.w.org\/{rel}","templated":true}]}}