{"id":39655,"date":"2018-09-05T11:35:47","date_gmt":"2018-09-05T14:35:47","guid":{"rendered":"https:\/\/eldiariodesanpedro.com.ar\/sitio\/?p=39655"},"modified":"2018-09-05T11:35:47","modified_gmt":"2018-09-05T14:35:47","slug":"una-mujer-que-circulaba-en-bicicleta-colisionada-por-un-automovil","status":"publish","type":"post","link":"https:\/\/eldiariodesanpedro.com.ar\/sitio\/una-mujer-que-circulaba-en-bicicleta-colisionada-por-un-automovil\/","title":{"rendered":"Una mujer que circulaba en bicicleta colisionada por un autom\u00f3vil"},"content":{"rendered":"<p><!-- VideographyWP Plugin Message: Automatic video embedding prevented by plugin options. --><br \/>\nEn las primeras horas del d\u00eda se produjo un accidente de tr\u00e1nsito entre una bicicleta y un autom\u00f3vil donde una mujer result\u00f3 con lesiones leves.<\/p>\n<p>Alrededor de las 08 hs se produjo un accidente en la esquina de Mateo Sbert y Liniers donde una mujer mayor de edad que circulaba en bicicleta fue impactada por un autom\u00f3vil Peugeot 308 color blanco conducido por un ciudadano mato de edad, provocando la ca\u00edda de la misma sobre la cinta asf\u00e1ltica.<\/p>\n<p>Se present\u00f3 la ambulancia del SAME para trasladar a la mujer al Hospital Emilio Ruffa presentando aparentes lesiones leves y un notorio estado de crisis nerviosa.<\/p>\n","protected":false},"excerpt":{"rendered":"<p>En las primeras horas del d\u00eda se produjo un accidente de tr\u00e1nsito entre una bicicleta y un autom\u00f3vil donde una mujer result\u00f3 con lesiones leves. Alrededor de las 08 hs se produjo un accidente en la esquina de Mateo Sbert y Liniers donde una mujer mayor de edad que circulaba en bicicleta fue impactada por [&hellip;]<\/p>\n","protected":false},"author":4,"featured_media":39656,"comment_status":"open","ping_status":"closed","sticky":false,"template":"","format":"standard","meta":{"om_disable_all_campaigns":false,"_jetpack_memberships_contains_paid_content":false,"footnotes":""},"categories":[2,103],"tags":[],"class_list":["post-39655","post","type-post","status-publish","format-standard","has-post-thumbnail","hentry","category-locales","category-policiales-locales"],"aioseo_notices":[],"gutentor_comment":0,"jetpack_featured_media_url":"https:\/\/eldiariodesanpedro.com.ar\/sitio\/wp-content\/uploads\/2018\/09\/IMG-20180905-WA0024.jpg","jetpack_shortlink":"https:\/\/wp.me\/p6RhLt-ajB","jetpack_sharing_enabled":true,"_links":{"self":[{"href":"https:\/\/eldiariodesanpedro.com.ar\/sitio\/wp-json\/wp\/v2\/posts\/39655","targetHints":{"allow":["GET"]}}],"collection":[{"href":"https:\/\/eldiariodesanpedro.com.ar\/sitio\/wp-json\/wp\/v2\/posts"}],"about":[{"href":"https:\/\/eldiariodesanpedro.com.ar\/sitio\/wp-json\/wp\/v2\/types\/post"}],"author":[{"embeddable":true,"href":"https:\/\/eldiariodesanpedro.com.ar\/sitio\/wp-json\/wp\/v2\/users\/4"}],"replies":[{"embeddable":true,"href":"https:\/\/eldiariodesanpedro.com.ar\/sitio\/wp-json\/wp\/v2\/comments?post=39655"}],"version-history":[{"count":1,"href":"https:\/\/eldiariodesanpedro.com.ar\/sitio\/wp-json\/wp\/v2\/posts\/39655\/revisions"}],"predecessor-version":[{"id":39657,"href":"https:\/\/eldiariodesanpedro.com.ar\/sitio\/wp-json\/wp\/v2\/posts\/39655\/revisions\/39657"}],"wp:featuredmedia":[{"embeddable":true,"href":"https:\/\/eldiariodesanpedro.com.ar\/sitio\/wp-json\/wp\/v2\/media\/39656"}],"wp:attachment":[{"href":"https:\/\/eldiariodesanpedro.com.ar\/sitio\/wp-json\/wp\/v2\/media?parent=39655"}],"wp:term":[{"taxonomy":"category","embeddable":true,"href":"https:\/\/eldiariodesanpedro.com.ar\/sitio\/wp-json\/wp\/v2\/categories?post=39655"},{"taxonomy":"post_tag","embeddable":true,"href":"https:\/\/eldiariodesanpedro.com.ar\/sitio\/wp-json\/wp\/v2\/tags?post=39655"}],"curies":[{"name":"wp","href":"https:\/\/api.w.org\/{rel}","templated":true}]}}