{"id":39652,"date":"2018-09-05T10:59:06","date_gmt":"2018-09-05T13:59:06","guid":{"rendered":"https:\/\/eldiariodesanpedro.com.ar\/sitio\/?p=39652"},"modified":"2018-09-05T10:59:06","modified_gmt":"2018-09-05T13:59:06","slug":"san-nicolas-otro-motociclista-fallecido-en-accidente-de-transito","status":"publish","type":"post","link":"https:\/\/eldiariodesanpedro.com.ar\/sitio\/san-nicolas-otro-motociclista-fallecido-en-accidente-de-transito\/","title":{"rendered":"SAN NICOL\u00c1S: Otro motociclista fallecido en accidente de tr\u00e1nsito"},"content":{"rendered":"<p><!-- VideographyWP Plugin Message: Automatic video embedding prevented by plugin options. --><br \/>\nManuel Ezequiel Gonz\u00e1lez, de 28 a\u00f1os, perdi\u00f3 la vida ayer al ser arrollado en su motocicleta por un cami\u00f3n en la zona portuaria. Ocurri\u00f3 sobre calle 25 de Mayo, entre Coronel Bogado y Las Rosas.<\/p>\n<p>Una nueva v\u00edctima por accidente de tr\u00e1nsito se sum\u00f3 ayer a la larga lista de fallecidos en lo que va del a\u00f1o.<\/p>\n<p>Ayer a la tarde, en calle 25 de Mayo, entre Bogado y Las Rosas, por causas que se tratan de establecer, Manuel Ezequiel Gonz\u00e1lez, de 28 a\u00f1os, conduciendo una motocicleta Zanella 110 c\/c, blanca, habr\u00eda sido embestido por un cami\u00f3n con acoplado conducido por un hombre de 54 a\u00f1os, oriundo de la localidad de  9 de Julio.<\/p>\n<p>El conductor de la moto muri\u00f3 en el acto, quedando su cuerpo debajo de las ruedas traseras del acoplado.<\/p>\n<p>Intervino en el hecho la UFI Nro. 3 a cargo del Dr. Julio Tan\u00fas.<\/p>\n<p>Se hizo presente en el lugar Polic\u00eda Cient\u00edfica y Medico de Polic\u00eda.<\/p>\n<p>El joven se desempe\u00f1aba en la empresa Onkel.<\/p>\n<p>El cami\u00f3n era conducido por Gustavo Adri\u00e1n Bouz\u00f3n, de 9 de Julio.<\/p>\n<p>Otra v\u00edctima<\/p>\n<p>Recordemos que el pasado 24 de agosto falleci\u00f3 -luego de estar d\u00edas peleando por su vida en la sala de terapia intensiva del Hospital San Felipe-, Leandro Gorosito, de 23 a\u00f1os.<\/p>\n<p>En la esquina de Juan B. Justo y Las Heras, Gorosito hab\u00eda protagonizado un accidente de tr\u00e1nsito cuando la moto en la que iba de acompa\u00f1ante, un ciclomotor Garelli de 50 c\/c, por causas que se investigan, colision\u00f3 contra una camionetaEco Sport, conducida por una mujer de 61 a\u00f1os.<\/p>\n<p>Leandro fue derivado r\u00e1pidamente al Hospital San Felipe donde qued\u00f3 internado en la Unidad de Terapia Intensiva con respiraci\u00f3n asistida.<\/p>\n<p>El joven presentaba traumatismo enc\u00e9falo craneano grave con varias fracturas \u00f3seas y contusi\u00f3n pulmonar bilateral y  pesar del esfuerzo denodado de los profesionales de la salud, se decret\u00f3 finalmente su muerte cerebral.<\/p>\n<p>Leandro se hab\u00eda manifestado como donante de \u00f3rganos, por lo que apenas conocido el deceso fue convocado personal de CUCAIBA para efectuar la operaci\u00f3n.<\/p>\n<p>El proceso de donaci\u00f3n-trasplante requiere de la intervenci\u00f3n coordinada de m\u00e9dicos, enfermeros, t\u00e9cnicos de laboratorio, choferes de ambulancias, personal de helipuertos y aeropuertos, personal administrativo y profesionales de las listas de espera para trasplante.<\/p>\n<p>En cada proceso intervienen m\u00e1s de 100 personas y de cada paso queda registro en el SINTRA (Sistema Nacional de Informaci\u00f3n de Procuraci\u00f3n y Trasplante de la Rep\u00fablica Argentina), de acceso p\u00fablico, con el objetivo de garantizar la trasparencia en su funcionamiento y administrado por el INCUCAI y sus efectores en cada provincia como el CUCAIBA en el territorio bonaerense.<\/p>\n<p>Interiorizada la instructora judicial en Turno, Dra. Constanza Otella, dispuso se recaratularan actuaciones a homicidio culposo e imparti\u00f3 directivas para la operaci\u00f3n de autopsia.-<\/p>\n","protected":false},"excerpt":{"rendered":"<p>Manuel Ezequiel Gonz\u00e1lez, de 28 a\u00f1os, perdi\u00f3 la vida ayer al ser arrollado en su motocicleta por un cami\u00f3n en la zona portuaria. Ocurri\u00f3 sobre calle 25 de Mayo, entre Coronel Bogado y Las Rosas. Una nueva v\u00edctima por accidente de tr\u00e1nsito se sum\u00f3 ayer a la larga lista de fallecidos en lo que va [&hellip;]<\/p>\n","protected":false},"author":4,"featured_media":39653,"comment_status":"open","ping_status":"closed","sticky":false,"template":"","format":"standard","meta":{"om_disable_all_campaigns":false,"_jetpack_memberships_contains_paid_content":false,"footnotes":""},"categories":[621],"tags":[],"class_list":["post-39652","post","type-post","status-publish","format-standard","has-post-thumbnail","hentry","category-regionales"],"aioseo_notices":[],"gutentor_comment":0,"jetpack_featured_media_url":"https:\/\/eldiariodesanpedro.com.ar\/sitio\/wp-content\/uploads\/2018\/09\/elnorte5b8f97267b20a_1-muerto-3x12.jpg","jetpack_shortlink":"https:\/\/wp.me\/p6RhLt-ajy","jetpack_sharing_enabled":true,"_links":{"self":[{"href":"https:\/\/eldiariodesanpedro.com.ar\/sitio\/wp-json\/wp\/v2\/posts\/39652","targetHints":{"allow":["GET"]}}],"collection":[{"href":"https:\/\/eldiariodesanpedro.com.ar\/sitio\/wp-json\/wp\/v2\/posts"}],"about":[{"href":"https:\/\/eldiariodesanpedro.com.ar\/sitio\/wp-json\/wp\/v2\/types\/post"}],"author":[{"embeddable":true,"href":"https:\/\/eldiariodesanpedro.com.ar\/sitio\/wp-json\/wp\/v2\/users\/4"}],"replies":[{"embeddable":true,"href":"https:\/\/eldiariodesanpedro.com.ar\/sitio\/wp-json\/wp\/v2\/comments?post=39652"}],"version-history":[{"count":1,"href":"https:\/\/eldiariodesanpedro.com.ar\/sitio\/wp-json\/wp\/v2\/posts\/39652\/revisions"}],"predecessor-version":[{"id":39654,"href":"https:\/\/eldiariodesanpedro.com.ar\/sitio\/wp-json\/wp\/v2\/posts\/39652\/revisions\/39654"}],"wp:featuredmedia":[{"embeddable":true,"href":"https:\/\/eldiariodesanpedro.com.ar\/sitio\/wp-json\/wp\/v2\/media\/39653"}],"wp:attachment":[{"href":"https:\/\/eldiariodesanpedro.com.ar\/sitio\/wp-json\/wp\/v2\/media?parent=39652"}],"wp:term":[{"taxonomy":"category","embeddable":true,"href":"https:\/\/eldiariodesanpedro.com.ar\/sitio\/wp-json\/wp\/v2\/categories?post=39652"},{"taxonomy":"post_tag","embeddable":true,"href":"https:\/\/eldiariodesanpedro.com.ar\/sitio\/wp-json\/wp\/v2\/tags?post=39652"}],"curies":[{"name":"wp","href":"https:\/\/api.w.org\/{rel}","templated":true}]}}