{"id":39644,"date":"2018-09-05T10:40:06","date_gmt":"2018-09-05T13:40:06","guid":{"rendered":"https:\/\/eldiariodesanpedro.com.ar\/sitio\/?p=39644"},"modified":"2018-09-05T10:40:06","modified_gmt":"2018-09-05T13:40:06","slug":"campana-bomberos-voluntarios-de-campana-en-el-69o-aniversario-de-su-creacion","status":"publish","type":"post","link":"https:\/\/eldiariodesanpedro.com.ar\/sitio\/campana-bomberos-voluntarios-de-campana-en-el-69o-aniversario-de-su-creacion\/","title":{"rendered":"CAMPANA: Bomberos Voluntarios de Campana en el 69\u00ba aniversario de su creaci\u00f3n"},"content":{"rendered":"<p><!-- VideographyWP Plugin Message: Automatic video embedding prevented by plugin options. --><br \/>\nCon motivo de celebrar un nuevo a\u00f1o del cuartel local, el presidente del HCD felicit\u00f3 a los agentes y les agradeci\u00f3 \u201cel trabajo y la vocaci\u00f3n\u201d con la que act\u00faan ante cada emergencia.<\/p>\n<p>l presidente del HCD, Sergio Roses, destac\u00f3 la labor diaria de los bomberos voluntarios luego de ser parte de los festejos por los 69 a\u00f1os de creaci\u00f3n del cuerpo de Campana y el 17\u00ba aniversario de la Escuela de Cadetes \u201c4 de Septiembre\u201d.<\/p>\n<p>Junto al intendente Sebasti\u00e1n Abella, el legislador de Cambiemos salud\u00f3 y felicit\u00f3 a los agentes, a quienes agradeci\u00f3 \u201cel trabajo y la vocaci\u00f3n\u201d con la que act\u00faan ante cada emergencia en los distintos puntos de la ciudad.<\/p>\n<p>\u201cHay que ser muy humano y tener una gran valent\u00eda para brindarse al pr\u00f3jimo incondicionalmente, como lo hacen ellos que est\u00e1n siempre alertas para acudir y salvar las vidas de los campanenses en caso de ser necesario\u201d, ponder\u00f3 Roses.<\/p>\n<p>Y por \u00faltimo, el edil enfatiz\u00f3 que \u201clos bomberos son sin\u00f3nimo de solidaridad, generosidad, capacidad de trabajo y servicio a la comunidad\u201d.<\/p>\n","protected":false},"excerpt":{"rendered":"<p>Con motivo de celebrar un nuevo a\u00f1o del cuartel local, el presidente del HCD felicit\u00f3 a los agentes y les agradeci\u00f3 \u201cel trabajo y la vocaci\u00f3n\u201d con la que act\u00faan ante cada emergencia. l presidente del HCD, Sergio Roses, destac\u00f3 la labor diaria de los bomberos voluntarios luego de ser parte de los festejos por [&hellip;]<\/p>\n","protected":false},"author":4,"featured_media":39645,"comment_status":"open","ping_status":"closed","sticky":false,"template":"","format":"standard","meta":{"om_disable_all_campaigns":false,"_jetpack_memberships_contains_paid_content":false,"footnotes":""},"categories":[621],"tags":[],"class_list":["post-39644","post","type-post","status-publish","format-standard","has-post-thumbnail","hentry","category-regionales"],"aioseo_notices":[],"gutentor_comment":0,"jetpack_featured_media_url":"https:\/\/eldiariodesanpedro.com.ar\/sitio\/wp-content\/uploads\/2018\/09\/Roses-y-Abella-acompa\u00f1aron-a-los-agentes-en-un-nuevo-aniversario-de-la-creaci\u00f3n-del-cuerpo_658x400.jpg","jetpack_shortlink":"https:\/\/wp.me\/p6RhLt-ajq","jetpack_sharing_enabled":true,"_links":{"self":[{"href":"https:\/\/eldiariodesanpedro.com.ar\/sitio\/wp-json\/wp\/v2\/posts\/39644","targetHints":{"allow":["GET"]}}],"collection":[{"href":"https:\/\/eldiariodesanpedro.com.ar\/sitio\/wp-json\/wp\/v2\/posts"}],"about":[{"href":"https:\/\/eldiariodesanpedro.com.ar\/sitio\/wp-json\/wp\/v2\/types\/post"}],"author":[{"embeddable":true,"href":"https:\/\/eldiariodesanpedro.com.ar\/sitio\/wp-json\/wp\/v2\/users\/4"}],"replies":[{"embeddable":true,"href":"https:\/\/eldiariodesanpedro.com.ar\/sitio\/wp-json\/wp\/v2\/comments?post=39644"}],"version-history":[{"count":1,"href":"https:\/\/eldiariodesanpedro.com.ar\/sitio\/wp-json\/wp\/v2\/posts\/39644\/revisions"}],"predecessor-version":[{"id":39646,"href":"https:\/\/eldiariodesanpedro.com.ar\/sitio\/wp-json\/wp\/v2\/posts\/39644\/revisions\/39646"}],"wp:featuredmedia":[{"embeddable":true,"href":"https:\/\/eldiariodesanpedro.com.ar\/sitio\/wp-json\/wp\/v2\/media\/39645"}],"wp:attachment":[{"href":"https:\/\/eldiariodesanpedro.com.ar\/sitio\/wp-json\/wp\/v2\/media?parent=39644"}],"wp:term":[{"taxonomy":"category","embeddable":true,"href":"https:\/\/eldiariodesanpedro.com.ar\/sitio\/wp-json\/wp\/v2\/categories?post=39644"},{"taxonomy":"post_tag","embeddable":true,"href":"https:\/\/eldiariodesanpedro.com.ar\/sitio\/wp-json\/wp\/v2\/tags?post=39644"}],"curies":[{"name":"wp","href":"https:\/\/api.w.org\/{rel}","templated":true}]}}