{"id":39631,"date":"2018-09-05T10:18:56","date_gmt":"2018-09-05T13:18:56","guid":{"rendered":"https:\/\/eldiariodesanpedro.com.ar\/sitio\/?p=39631"},"modified":"2018-09-05T10:18:56","modified_gmt":"2018-09-05T13:18:56","slug":"provincia-tarifazo-en-el-gas-el-gobierno-estima-un-30-de-aumento-las-empresas-el-triple","status":"publish","type":"post","link":"https:\/\/eldiariodesanpedro.com.ar\/sitio\/provincia-tarifazo-en-el-gas-el-gobierno-estima-un-30-de-aumento-las-empresas-el-triple\/","title":{"rendered":"PROVINCIA: Tarifazo en el gas: el gobierno estima un 30% de aumento, las empresas el triple"},"content":{"rendered":"<p><!-- VideographyWP Plugin Message: Automatic video embedding prevented by plugin options. --><br \/>\nSe realiz\u00f3 la primera Audiencia P\u00fablica para definir el nuevo cuadro tarifario, a pesar del pedido de postergaci\u00f3n por parte de asociaciones de consumidores, defensores del pueblo y municipios. La Secretar\u00eda de Energ\u00eda estim\u00f3 el incremento en un tercio de lo que reclamar\u00e1n las distribuidoras, por la mayor producci\u00f3n.<\/p>\n<p>La flamante Secretar\u00eda de Energ\u00eda (exMinisterio) de la Naci\u00f3n inform\u00f3 que el aumento final en la factura de gas para los hogares no superar\u00eda el 30 por ciento, \u00abpor debajo de lo que se espera sea el alza del \u00cdndice de Precios al Consumidor de 2018\u00bb.<\/p>\n<p>Lo asegur\u00f3 luego de realizarse la primera Audiencia P\u00fablica por la suba del precio del gas, que llev\u00f3 a cabo el Ente Regulador (ENARGAS) y en la que participaron m\u00e1s de 60 oradores, a pesar del pedido de postergaci\u00f3n solicitado por entidades de consumidores, defensores del pueblo y varios municipios, argumentando la dif\u00edcil situaci\u00f3n econ\u00f3mica de los usuarios.<\/p>\n<p>El Gobierno asegur\u00f3 que la suba de \u00abs\u00f3lo\u00bb el 30% como m\u00e1ximo es \u00abgracias a que la producci\u00f3n nacional de gas sigue en alza por las inversiones que se vienen desarrollando en Vaca Muerta en los \u00faltimos 18 meses\u00bb, a\u00f1adiendo que la mayor producci\u00f3n permiti\u00f3 una rebaja de un d\u00f3lar por mill\u00f3n de BTU (de 5,20 a 4,20) en el gas natural para las usinas de generaci\u00f3n el\u00e9ctrica anunciada en agosto de este a\u00f1o\u00bb.<\/p>\n<p>Pese a la aclaraci\u00f3n oficial resulta dif\u00edcil tener un panorama claro del nuevo cuadro tarifario, aunque las distribuidoras y transportistas presentaron el ajuste por inflaci\u00f3n que corresponde aplicar sobre sus ingresos por la revisi\u00f3n tarifaria integral aprobada durante la gesti\u00f3n de Juan Jos\u00e9 Aranguren. <\/p>\n<p>En ese contexto, las empresas pedir\u00e1n la aplicaci\u00f3n plena del ajuste, con la cifra del 28,82% de alza en el precio mayorista de marzo a agosto, por lo que estiman un incremento de cerca del 100% en la tarifa final, calculando el nuevo valor del gas en boca de pozo.<\/p>\n<p>Ma\u00f1ana tendr\u00e1 lugar la segunda Audiencia P\u00fablica, a realizarse en Santiago del Estero, donde se escuchar\u00e1n las propuestas de m\u00e1s usurios, adem\u00e1s de la transportadora TGN y otras 4 distribuidoras.<\/p>\n<p>Fuente: La Tecla<\/p>\n","protected":false},"excerpt":{"rendered":"<p>Se realiz\u00f3 la primera Audiencia P\u00fablica para definir el nuevo cuadro tarifario, a pesar del pedido de postergaci\u00f3n por parte de asociaciones de consumidores, defensores del pueblo y municipios. La Secretar\u00eda de Energ\u00eda estim\u00f3 el incremento en un tercio de lo que reclamar\u00e1n las distribuidoras, por la mayor producci\u00f3n. La flamante Secretar\u00eda de Energ\u00eda (exMinisterio) [&hellip;]<\/p>\n","protected":false},"author":4,"featured_media":39632,"comment_status":"open","ping_status":"closed","sticky":false,"template":"","format":"standard","meta":{"om_disable_all_campaigns":false,"_jetpack_memberships_contains_paid_content":false,"footnotes":""},"categories":[621],"tags":[],"class_list":["post-39631","post","type-post","status-publish","format-standard","has-post-thumbnail","hentry","category-regionales"],"aioseo_notices":[],"gutentor_comment":0,"jetpack_featured_media_url":"https:\/\/eldiariodesanpedro.com.ar\/sitio\/wp-content\/uploads\/2018\/09\/88281_3.jpg","jetpack_shortlink":"https:\/\/wp.me\/p6RhLt-ajd","jetpack_sharing_enabled":true,"_links":{"self":[{"href":"https:\/\/eldiariodesanpedro.com.ar\/sitio\/wp-json\/wp\/v2\/posts\/39631","targetHints":{"allow":["GET"]}}],"collection":[{"href":"https:\/\/eldiariodesanpedro.com.ar\/sitio\/wp-json\/wp\/v2\/posts"}],"about":[{"href":"https:\/\/eldiariodesanpedro.com.ar\/sitio\/wp-json\/wp\/v2\/types\/post"}],"author":[{"embeddable":true,"href":"https:\/\/eldiariodesanpedro.com.ar\/sitio\/wp-json\/wp\/v2\/users\/4"}],"replies":[{"embeddable":true,"href":"https:\/\/eldiariodesanpedro.com.ar\/sitio\/wp-json\/wp\/v2\/comments?post=39631"}],"version-history":[{"count":1,"href":"https:\/\/eldiariodesanpedro.com.ar\/sitio\/wp-json\/wp\/v2\/posts\/39631\/revisions"}],"predecessor-version":[{"id":39633,"href":"https:\/\/eldiariodesanpedro.com.ar\/sitio\/wp-json\/wp\/v2\/posts\/39631\/revisions\/39633"}],"wp:featuredmedia":[{"embeddable":true,"href":"https:\/\/eldiariodesanpedro.com.ar\/sitio\/wp-json\/wp\/v2\/media\/39632"}],"wp:attachment":[{"href":"https:\/\/eldiariodesanpedro.com.ar\/sitio\/wp-json\/wp\/v2\/media?parent=39631"}],"wp:term":[{"taxonomy":"category","embeddable":true,"href":"https:\/\/eldiariodesanpedro.com.ar\/sitio\/wp-json\/wp\/v2\/categories?post=39631"},{"taxonomy":"post_tag","embeddable":true,"href":"https:\/\/eldiariodesanpedro.com.ar\/sitio\/wp-json\/wp\/v2\/tags?post=39631"}],"curies":[{"name":"wp","href":"https:\/\/api.w.org\/{rel}","templated":true}]}}