{"id":39628,"date":"2018-09-05T10:14:49","date_gmt":"2018-09-05T13:14:49","guid":{"rendered":"https:\/\/eldiariodesanpedro.com.ar\/sitio\/?p=39628"},"modified":"2018-09-05T10:14:49","modified_gmt":"2018-09-05T13:14:49","slug":"zarate-hurto-en-una-carniceria-el-ladron-era-conocido-del-dueno","status":"publish","type":"post","link":"https:\/\/eldiariodesanpedro.com.ar\/sitio\/zarate-hurto-en-una-carniceria-el-ladron-era-conocido-del-dueno\/","title":{"rendered":"ZARATE: Hurto en una carnicer\u00eda, el ladr\u00f3n era conocido del due\u00f1o"},"content":{"rendered":"<p><!-- VideographyWP Plugin Message: Automatic video embedding prevented by plugin options. --><br \/>\nVarios factores llevaron a este caso a ser especial y distinto a otros. Lo primero es que no ser\u00eda la primera vez que el ladr\u00f3n se llevaba bolsas y bolsas con distintos cortes. Otra de las cuestiones es que ingres\u00f3 al comercio con una llave y hasta se habla de un dispositivo para bloquear las c\u00e1maras de seguridad. Y por \u00faltimo, se constat\u00f3 que el detenido es conocido del due\u00f1o del local.<\/p>\n<p>Con apoyo del Comando Patrulla fue llevado a la Comisar\u00eda 1ra por el delito de \u201churto calificado\u201d.<\/p>\n<p>Fuente: Enlace Critico<\/p>\n","protected":false},"excerpt":{"rendered":"<p>Varios factores llevaron a este caso a ser especial y distinto a otros. Lo primero es que no ser\u00eda la primera vez que el ladr\u00f3n se llevaba bolsas y bolsas con distintos cortes. Otra de las cuestiones es que ingres\u00f3 al comercio con una llave y hasta se habla de un dispositivo para bloquear las [&hellip;]<\/p>\n","protected":false},"author":4,"featured_media":39629,"comment_status":"open","ping_status":"closed","sticky":false,"template":"","format":"standard","meta":{"om_disable_all_campaigns":false,"_jetpack_memberships_contains_paid_content":false,"footnotes":""},"categories":[621],"tags":[],"class_list":["post-39628","post","type-post","status-publish","format-standard","has-post-thumbnail","hentry","category-regionales"],"aioseo_notices":[],"gutentor_comment":0,"jetpack_featured_media_url":"https:\/\/eldiariodesanpedro.com.ar\/sitio\/wp-content\/uploads\/2018\/09\/Robo-carne.jpg","jetpack_shortlink":"https:\/\/wp.me\/p6RhLt-aja","jetpack_sharing_enabled":true,"_links":{"self":[{"href":"https:\/\/eldiariodesanpedro.com.ar\/sitio\/wp-json\/wp\/v2\/posts\/39628","targetHints":{"allow":["GET"]}}],"collection":[{"href":"https:\/\/eldiariodesanpedro.com.ar\/sitio\/wp-json\/wp\/v2\/posts"}],"about":[{"href":"https:\/\/eldiariodesanpedro.com.ar\/sitio\/wp-json\/wp\/v2\/types\/post"}],"author":[{"embeddable":true,"href":"https:\/\/eldiariodesanpedro.com.ar\/sitio\/wp-json\/wp\/v2\/users\/4"}],"replies":[{"embeddable":true,"href":"https:\/\/eldiariodesanpedro.com.ar\/sitio\/wp-json\/wp\/v2\/comments?post=39628"}],"version-history":[{"count":1,"href":"https:\/\/eldiariodesanpedro.com.ar\/sitio\/wp-json\/wp\/v2\/posts\/39628\/revisions"}],"predecessor-version":[{"id":39630,"href":"https:\/\/eldiariodesanpedro.com.ar\/sitio\/wp-json\/wp\/v2\/posts\/39628\/revisions\/39630"}],"wp:featuredmedia":[{"embeddable":true,"href":"https:\/\/eldiariodesanpedro.com.ar\/sitio\/wp-json\/wp\/v2\/media\/39629"}],"wp:attachment":[{"href":"https:\/\/eldiariodesanpedro.com.ar\/sitio\/wp-json\/wp\/v2\/media?parent=39628"}],"wp:term":[{"taxonomy":"category","embeddable":true,"href":"https:\/\/eldiariodesanpedro.com.ar\/sitio\/wp-json\/wp\/v2\/categories?post=39628"},{"taxonomy":"post_tag","embeddable":true,"href":"https:\/\/eldiariodesanpedro.com.ar\/sitio\/wp-json\/wp\/v2\/tags?post=39628"}],"curies":[{"name":"wp","href":"https:\/\/api.w.org\/{rel}","templated":true}]}}