{"id":39625,"date":"2018-09-05T10:09:28","date_gmt":"2018-09-05T13:09:28","guid":{"rendered":"https:\/\/eldiariodesanpedro.com.ar\/sitio\/?p=39625"},"modified":"2018-09-05T10:09:28","modified_gmt":"2018-09-05T13:09:28","slug":"baradero-aparecio-incendiado-un-auto-e-investigan-si-es-un-vehiculo-robado-en-las-ultimas-horas","status":"publish","type":"post","link":"https:\/\/eldiariodesanpedro.com.ar\/sitio\/baradero-aparecio-incendiado-un-auto-e-investigan-si-es-un-vehiculo-robado-en-las-ultimas-horas\/","title":{"rendered":"BARADERO: Apareci\u00f3 incendiado un auto e investigan si es un veh\u00edculo robado en las \u00faltimas horas"},"content":{"rendered":"<p><!-- VideographyWP Plugin Message: Automatic video embedding prevented by plugin options. --><br \/>\nEl hallazgo fue est\u00e1 tarde en un camino rural cercano a la localidad de Alsina. El veh\u00edculo apareci\u00f3 consumido por el fuego.<\/p>\n<p>Se tratar\u00eda de un autom\u00f3vil marca Ford Focus.<\/p>\n<p>La Polic\u00eda investiga una denuncia que se habr\u00eda radicado en las \u00faltimas horas donde un vecino denunci\u00f3 que le robaron un auto estacionado en Emilio Genoud al 900.<\/p>\n<p>Fuente: Tu L\u00ednea Directa<\/p>\n","protected":false},"excerpt":{"rendered":"<p>El hallazgo fue est\u00e1 tarde en un camino rural cercano a la localidad de Alsina. El veh\u00edculo apareci\u00f3 consumido por el fuego. Se tratar\u00eda de un autom\u00f3vil marca Ford Focus. La Polic\u00eda investiga una denuncia que se habr\u00eda radicado en las \u00faltimas horas donde un vecino denunci\u00f3 que le robaron un auto estacionado en Emilio [&hellip;]<\/p>\n","protected":false},"author":4,"featured_media":39626,"comment_status":"open","ping_status":"closed","sticky":false,"template":"","format":"standard","meta":{"om_disable_all_campaigns":false,"_jetpack_memberships_contains_paid_content":false,"footnotes":""},"categories":[621],"tags":[],"class_list":["post-39625","post","type-post","status-publish","format-standard","has-post-thumbnail","hentry","category-regionales"],"aioseo_notices":[],"gutentor_comment":0,"jetpack_featured_media_url":"https:\/\/eldiariodesanpedro.com.ar\/sitio\/wp-content\/uploads\/2018\/09\/20180904_174138.png","jetpack_shortlink":"https:\/\/wp.me\/p6RhLt-aj7","jetpack_sharing_enabled":true,"_links":{"self":[{"href":"https:\/\/eldiariodesanpedro.com.ar\/sitio\/wp-json\/wp\/v2\/posts\/39625","targetHints":{"allow":["GET"]}}],"collection":[{"href":"https:\/\/eldiariodesanpedro.com.ar\/sitio\/wp-json\/wp\/v2\/posts"}],"about":[{"href":"https:\/\/eldiariodesanpedro.com.ar\/sitio\/wp-json\/wp\/v2\/types\/post"}],"author":[{"embeddable":true,"href":"https:\/\/eldiariodesanpedro.com.ar\/sitio\/wp-json\/wp\/v2\/users\/4"}],"replies":[{"embeddable":true,"href":"https:\/\/eldiariodesanpedro.com.ar\/sitio\/wp-json\/wp\/v2\/comments?post=39625"}],"version-history":[{"count":1,"href":"https:\/\/eldiariodesanpedro.com.ar\/sitio\/wp-json\/wp\/v2\/posts\/39625\/revisions"}],"predecessor-version":[{"id":39627,"href":"https:\/\/eldiariodesanpedro.com.ar\/sitio\/wp-json\/wp\/v2\/posts\/39625\/revisions\/39627"}],"wp:featuredmedia":[{"embeddable":true,"href":"https:\/\/eldiariodesanpedro.com.ar\/sitio\/wp-json\/wp\/v2\/media\/39626"}],"wp:attachment":[{"href":"https:\/\/eldiariodesanpedro.com.ar\/sitio\/wp-json\/wp\/v2\/media?parent=39625"}],"wp:term":[{"taxonomy":"category","embeddable":true,"href":"https:\/\/eldiariodesanpedro.com.ar\/sitio\/wp-json\/wp\/v2\/categories?post=39625"},{"taxonomy":"post_tag","embeddable":true,"href":"https:\/\/eldiariodesanpedro.com.ar\/sitio\/wp-json\/wp\/v2\/tags?post=39625"}],"curies":[{"name":"wp","href":"https:\/\/api.w.org\/{rel}","templated":true}]}}