{"id":39618,"date":"2018-09-05T08:33:20","date_gmt":"2018-09-05T11:33:20","guid":{"rendered":"https:\/\/eldiariodesanpedro.com.ar\/sitio\/?p=39618"},"modified":"2018-09-05T08:34:00","modified_gmt":"2018-09-05T11:34:00","slug":"pidieron-un-remis-y-lo-asaltaron","status":"publish","type":"post","link":"https:\/\/eldiariodesanpedro.com.ar\/sitio\/pidieron-un-remis-y-lo-asaltaron\/","title":{"rendered":"Pidieron un remis y lo asaltaron"},"content":{"rendered":"<p><!-- VideographyWP Plugin Message: Automatic video embedding prevented by plugin options. --><br \/>\nEl hecho ocurri\u00f3 este martes por la tarde noche, cuando un ciudadano de 43 a\u00f1os de edad, que se encontraba trabajando de remis, se dirige a la direcci\u00f3n que fue convocada por un llamado telef\u00f3nico, en este caso, a calle Hermano Indio y General Puyrredon, donde es sorprendido por dos delincuentes quienes por la ventanilla del autom\u00f3vil de la puerta delantera, le sustraen su tel\u00e9fono celular, la billetera y documentaci\u00f3n.<\/p>\n<p>Toma intervenci\u00f3n la UFI N\u00b011 a cargo de la Dr Ramos<\/p>\n","protected":false},"excerpt":{"rendered":"<p>El hecho ocurri\u00f3 este martes por la tarde noche, cuando un ciudadano de 43 a\u00f1os de edad, que se encontraba trabajando de remis, se dirige a la direcci\u00f3n que fue convocada por un llamado telef\u00f3nico, en este caso, a calle Hermano Indio y General Puyrredon, donde es sorprendido por dos delincuentes quienes por la ventanilla [&hellip;]<\/p>\n","protected":false},"author":4,"featured_media":27369,"comment_status":"open","ping_status":"closed","sticky":false,"template":"","format":"standard","meta":{"om_disable_all_campaigns":false,"_jetpack_memberships_contains_paid_content":false,"footnotes":""},"categories":[50,2,103],"tags":[],"class_list":["post-39618","post","type-post","status-publish","format-standard","has-post-thumbnail","hentry","category-destacadas","category-locales","category-policiales-locales"],"aioseo_notices":[],"gutentor_comment":0,"jetpack_featured_media_url":"https:\/\/eldiariodesanpedro.com.ar\/sitio\/wp-content\/uploads\/2017\/12\/Dos-delincuentes-robaron-un-taxi.jpg","jetpack_shortlink":"https:\/\/wp.me\/p6RhLt-aj0","jetpack_sharing_enabled":true,"_links":{"self":[{"href":"https:\/\/eldiariodesanpedro.com.ar\/sitio\/wp-json\/wp\/v2\/posts\/39618","targetHints":{"allow":["GET"]}}],"collection":[{"href":"https:\/\/eldiariodesanpedro.com.ar\/sitio\/wp-json\/wp\/v2\/posts"}],"about":[{"href":"https:\/\/eldiariodesanpedro.com.ar\/sitio\/wp-json\/wp\/v2\/types\/post"}],"author":[{"embeddable":true,"href":"https:\/\/eldiariodesanpedro.com.ar\/sitio\/wp-json\/wp\/v2\/users\/4"}],"replies":[{"embeddable":true,"href":"https:\/\/eldiariodesanpedro.com.ar\/sitio\/wp-json\/wp\/v2\/comments?post=39618"}],"version-history":[{"count":1,"href":"https:\/\/eldiariodesanpedro.com.ar\/sitio\/wp-json\/wp\/v2\/posts\/39618\/revisions"}],"predecessor-version":[{"id":39619,"href":"https:\/\/eldiariodesanpedro.com.ar\/sitio\/wp-json\/wp\/v2\/posts\/39618\/revisions\/39619"}],"wp:featuredmedia":[{"embeddable":true,"href":"https:\/\/eldiariodesanpedro.com.ar\/sitio\/wp-json\/wp\/v2\/media\/27369"}],"wp:attachment":[{"href":"https:\/\/eldiariodesanpedro.com.ar\/sitio\/wp-json\/wp\/v2\/media?parent=39618"}],"wp:term":[{"taxonomy":"category","embeddable":true,"href":"https:\/\/eldiariodesanpedro.com.ar\/sitio\/wp-json\/wp\/v2\/categories?post=39618"},{"taxonomy":"post_tag","embeddable":true,"href":"https:\/\/eldiariodesanpedro.com.ar\/sitio\/wp-json\/wp\/v2\/tags?post=39618"}],"curies":[{"name":"wp","href":"https:\/\/api.w.org\/{rel}","templated":true}]}}