{"id":39614,"date":"2018-09-04T20:56:04","date_gmt":"2018-09-04T23:56:04","guid":{"rendered":"https:\/\/eldiariodesanpedro.com.ar\/sitio\/?p=39614"},"modified":"2026-01-24T00:11:05","modified_gmt":"2026-01-24T03:11:05","slug":"patin-artistico-patin-parana-fue-segundo-en-copa-internacional-llevada-a-cabo-en-caba","status":"publish","type":"post","link":"https:\/\/eldiariodesanpedro.com.ar\/sitio\/patin-artistico-patin-parana-fue-segundo-en-copa-internacional-llevada-a-cabo-en-caba\/","title":{"rendered":"PAT\u00cdN ART\u00cdSTICO: Pat\u00edn Paran\u00e1 fue segundo en Copa Internacional llevada a cabo en CABA"},"content":{"rendered":"<p><!-- VideographyWP Plugin Message: Automatic video embedding prevented by plugin options. --><br \/>\nEl Torneo de \u201cPat\u00edn Visi\u00f3n\u201d fue en la Copa Internacional \u201cCiudad de Buenos Aires\u201d que se disput\u00f3 durante los d\u00edas 1 y 2 del corriente mes, en el Club A. Argentinos Juniors, con la participaci\u00f3n de clubes, asociaciones y escuelas de Capital Federal y del Interior del pa\u00eds, m\u00e1s instituciones de Tala (Departamento Canelones) y Montevideo (Uruguay).<\/p>\n<p>  La delegaci\u00f3n de Paran\u00e1 FC obtuvo el 2do. puesto detr\u00e1s de la delegaci\u00f3n de Berazategui (1\u00ba) y delante del Club Banco Naci\u00f3n de Rosario (3\u00ba).<\/p>\n<p>  Las representantes \u2018albirrojas\u2019, acompa\u00f1adas por sus profesoras Carina Ruiz y Paulina Ortega, obtuvieron los siguientes puestos en sus respectivas categor\u00edas:<\/p>\n<p>Alisa P\u00e1ez 1\u00aa (3\u00ba \u201cB\u201d), Candela Obrador 1\u00aa (1\u00aa \u201cC\u201d), Sof\u00eda Baca 1\u00aa (1\u00aa \u201cC\u201d), Natasha Salazar 1\u00aa (2\u00aa \u201cC\u201d), Luc\u00eda Gonz\u00e1lez 5\u00aa (3\u00aa\u201dC\u201d).<br \/>\nEn 4\u00aa \u201cC\u201d, Ana Gamietea 1\u00aa, Emilia Vetta 1\u00aa, Milena Luna 4\u00aa, Noel Victorero 6\u00aa, Milena Escobar 4\u00aa, Aymar Gonz\u00e1lez 2\u00aa y P\u00eda G\u00f3mez 1\u00aa.<br \/>\nEn categor\u00eda 5\u00aa \u201cC\u201d Martina Figueredo 1\u00aa (10 y 11 a\u00f1os) y Emma Manso 3\u00aa (6 y 7 a\u00f1os).<br \/>\nEn Preparatoria, Alma Sayago 1\u00aa, M\u00eda Cerd\u00e1 1\u00aa y Priscila P\u00e9rez 5\u00aa.<br \/>\nEn Escuela Formativa, Josefina Novo 2\u00aa, Amparo Courtade 3\u00aa, Valentina Araldi 3\u00aa, Alma Lobianco 2\u00aa, Lala Ver\u00f3n 6\u00aa, Lola Laiz 1\u00aa, Bianca Dellagiovana 2\u00aa.<br \/>\nEn Incentivo (6 y 7 a\u00f1os), participaron Martina Huesa e Isabela Tettamanti.<\/p>\n","protected":false},"excerpt":{"rendered":"<p>El Torneo de \u201cPat\u00edn Visi\u00f3n\u201d fue en la Copa Internacional \u201cCiudad de Buenos Aires\u201d que se disput\u00f3 durante los d\u00edas 1 y 2 del corriente mes, en el Club A. Argentinos Juniors, con la participaci\u00f3n de clubes, asociaciones y escuelas de Capital Federal y del Interior del pa\u00eds, m\u00e1s instituciones de Tala (Departamento Canelones) y [&hellip;]<\/p>\n","protected":false},"author":4,"featured_media":39615,"comment_status":"open","ping_status":"closed","sticky":false,"template":"","format":"standard","meta":{"om_disable_all_campaigns":false,"_jetpack_memberships_contains_paid_content":false,"footnotes":""},"categories":[5],"tags":[],"class_list":["post-39614","post","type-post","status-publish","format-standard","has-post-thumbnail","hentry","category-deportes"],"aioseo_notices":[],"gutentor_comment":0,"jetpack_featured_media_url":"https:\/\/eldiariodesanpedro.com.ar\/sitio\/wp-content\/uploads\/2018\/09\/Equipo-de-Pat\u00edn-de-Paran\u00e1-FC.jpg","jetpack_shortlink":"https:\/\/wp.me\/p6RhLt-aiW","jetpack_sharing_enabled":true,"_links":{"self":[{"href":"https:\/\/eldiariodesanpedro.com.ar\/sitio\/wp-json\/wp\/v2\/posts\/39614","targetHints":{"allow":["GET"]}}],"collection":[{"href":"https:\/\/eldiariodesanpedro.com.ar\/sitio\/wp-json\/wp\/v2\/posts"}],"about":[{"href":"https:\/\/eldiariodesanpedro.com.ar\/sitio\/wp-json\/wp\/v2\/types\/post"}],"author":[{"embeddable":true,"href":"https:\/\/eldiariodesanpedro.com.ar\/sitio\/wp-json\/wp\/v2\/users\/4"}],"replies":[{"embeddable":true,"href":"https:\/\/eldiariodesanpedro.com.ar\/sitio\/wp-json\/wp\/v2\/comments?post=39614"}],"version-history":[{"count":1,"href":"https:\/\/eldiariodesanpedro.com.ar\/sitio\/wp-json\/wp\/v2\/posts\/39614\/revisions"}],"predecessor-version":[{"id":39616,"href":"https:\/\/eldiariodesanpedro.com.ar\/sitio\/wp-json\/wp\/v2\/posts\/39614\/revisions\/39616"}],"wp:featuredmedia":[{"embeddable":true,"href":"https:\/\/eldiariodesanpedro.com.ar\/sitio\/wp-json\/wp\/v2\/media\/39615"}],"wp:attachment":[{"href":"https:\/\/eldiariodesanpedro.com.ar\/sitio\/wp-json\/wp\/v2\/media?parent=39614"}],"wp:term":[{"taxonomy":"category","embeddable":true,"href":"https:\/\/eldiariodesanpedro.com.ar\/sitio\/wp-json\/wp\/v2\/categories?post=39614"},{"taxonomy":"post_tag","embeddable":true,"href":"https:\/\/eldiariodesanpedro.com.ar\/sitio\/wp-json\/wp\/v2\/tags?post=39614"}],"curies":[{"name":"wp","href":"https:\/\/api.w.org\/{rel}","templated":true}]}}