{"id":39609,"date":"2018-09-04T20:52:41","date_gmt":"2018-09-04T23:52:41","guid":{"rendered":"https:\/\/eldiariodesanpedro.com.ar\/sitio\/?p=39609"},"modified":"2026-01-24T00:11:06","modified_gmt":"2026-01-24T03:11:06","slug":"ciclismo-en-san-pedro-basualdo-es-el-dueno-del-panoramico-sigue-con-su-racha-de-triunfos","status":"publish","type":"post","link":"https:\/\/eldiariodesanpedro.com.ar\/sitio\/ciclismo-en-san-pedro-basualdo-es-el-dueno-del-panoramico-sigue-con-su-racha-de-triunfos\/","title":{"rendered":"CICLISMO EN SAN PEDRO: Basualdo es el due\u00f1o del Panor\u00e1mico. Sigue con su racha de triunfos"},"content":{"rendered":"<p><!-- VideographyWP Plugin Message: Automatic video embedding prevented by plugin options. --><br \/>\nEs rutina lo de Agust\u00edn Basualdo, triunfar y ganar en las competencias de fondo que organiza Pro Ciclismo San Pedro en el Circuito Panor\u00e1mico del Oeste los fines de semana, en esta oportunidad lo hizo efectivo, luego de varios intentos de fuga, que no prosperaron, pero en el embalaje final, se impuso ante el joven de la Luisa, Just\u00edn Joach\u00edn y Mariano Manzo (Local).<\/p>\n<p>Todos los resultados de la programaci\u00f3n realizada el domingo, fueron los detallados a continuaci\u00f3n:<\/p>\n<p><strong>PE\u00d1A CICLISTAS SAMPEDRINOS<\/strong><br \/>\n1\u00ba Daniel Chipolini<br \/>\n2\u00ba Claudio Palacios<br \/>\n3\u00aa Brenda Paz<br \/>\n4\u00ba Ra\u00fal Canabal<br \/>\n5\u00ba Luis Paz<\/p>\n<p><strong>MENORES Y MAYORES ZONALES<\/strong><br \/>\n1\u00ba Ariel Gauna (San Pedro)<br \/>\n2\u00ba Lucas Arp\u00eda (San Pedro)<br \/>\n3\u00ba Marcos Barraza (San Pedro)<br \/>\n4\u00ba Daniel Barraza (San Pedro)<br \/>\n5\u00ba Santiago Paz (Campana)<\/p>\n<p><strong>INFANTILES<\/strong><br \/>\nGuido Ram\u00edrez (Santo Tome) &#8211; Gor\u00e1n Dundic (Salto) &#8211; Kevin Guerra &#8211; Gonzalo Paz &#8211; Juli\u00e1n Toucedo &#8211; Justin Giuliani \u2013 Fantino Giuliani &#8211; Gabriel Toledo (Jauregui) &#8211;<br \/>\nGregorio Sanchez Negrete &#8211; Agust\u00edn Toledo (Jauregui) &#8211; Axel Lopez.<\/p>\n<p><strong>M\u00c1STER D Y DAMAS<\/strong><br \/>\n1\u00aa Paula Acu\u00f1a (Rosario)<br \/>\n2\u00ba Rub\u00e9n Morales (San Pedro)<br \/>\n3\u00ba Ra\u00fal \u201cBulla\u201d Peralta (San Pedro)<br \/>\n4\u00aa Karina Grillo (San Nicol\u00e1s)<br \/>\n5\u00aa Marcela Morales (Luj\u00e1n)<\/p>\n<p><strong>M\u00c1STER \u201cB-2\u201d Y \u201cC\u201d<\/strong><br \/>\n1\u00ba Miguel Machi (Capit\u00e1n Sarmiento)<br \/>\n2\u00ba Rub\u00e9n Mallada (Z\u00e1rate)<br \/>\n3\u00ba DANIEL BOAGLIO-SAN PEDRO<br \/>\n4\u00ba Fredy Lemos (Lujan)<br \/>\n5\u00ba Juan Fontana (Capit\u00e1n Sarmiento)<br \/>\n6\u00ba Jos\u00e9 Luis Pereyra (San Pedro)<br \/>\n7\u00ba Sergio Lucero (Capit\u00e1n Sarmiento)<br \/>\n8\u00ba Adri\u00e1n Garc\u00eda (Venado Tuerto)<\/p>\n<p><strong>M\u00c1STER \u201cB\u201d<\/strong><br \/>\n1\u00ba Luis Alegre (Capit\u00e1n Sarmiento)<br \/>\n2\u00ba Carlos Giuliani (San Pedro)<\/p>\n<p><strong>PROMO &#8211; M\u00c1STER \u201cA\u201d <\/strong><br \/>\n1\u00ba Agust\u00edn Basualdo-SAN PEDRO<br \/>\n2\u00ba Justin Joachin (La Luisa)<br \/>\n3\u00ba Mariano Manzo (San Pedro)<br \/>\n4\u00ba Juan Paz (San Pedro)<br \/>\n5\u00ba Francisco Chipolini (San Pedro)<\/p>\n<p><strong>Ganadores de Sprinter especiales<\/strong><br \/>\nRoque Diconza (Santo Tom\u00e9) &#8211; Cristian Monz\u00f3n &#8211; L\u00e1zaro Villarruel &#8211; Cristian Alarc\u00f3n (San Nicol\u00e1s) &#8211; Pablo Gonz\u00e1lez &#8211; Carlos Gonz\u00e1les (San Andr\u00e9s de Giles).<\/p>\n","protected":false},"excerpt":{"rendered":"<p>Es rutina lo de Agust\u00edn Basualdo, triunfar y ganar en las competencias de fondo que organiza Pro Ciclismo San Pedro en el Circuito Panor\u00e1mico del Oeste los fines de semana, en esta oportunidad lo hizo efectivo, luego de varios intentos de fuga, que no prosperaron, pero en el embalaje final, se impuso ante el joven [&hellip;]<\/p>\n","protected":false},"author":4,"featured_media":39610,"comment_status":"open","ping_status":"closed","sticky":false,"template":"","format":"standard","meta":{"om_disable_all_campaigns":false,"_jetpack_memberships_contains_paid_content":false,"footnotes":""},"categories":[5],"tags":[],"class_list":["post-39609","post","type-post","status-publish","format-standard","has-post-thumbnail","hentry","category-deportes"],"aioseo_notices":[],"gutentor_comment":0,"jetpack_featured_media_url":"https:\/\/eldiariodesanpedro.com.ar\/sitio\/wp-content\/uploads\/2018\/09\/Podio-de-la-prueba-principal.jpeg","jetpack_shortlink":"https:\/\/wp.me\/p6RhLt-aiR","jetpack_sharing_enabled":true,"_links":{"self":[{"href":"https:\/\/eldiariodesanpedro.com.ar\/sitio\/wp-json\/wp\/v2\/posts\/39609","targetHints":{"allow":["GET"]}}],"collection":[{"href":"https:\/\/eldiariodesanpedro.com.ar\/sitio\/wp-json\/wp\/v2\/posts"}],"about":[{"href":"https:\/\/eldiariodesanpedro.com.ar\/sitio\/wp-json\/wp\/v2\/types\/post"}],"author":[{"embeddable":true,"href":"https:\/\/eldiariodesanpedro.com.ar\/sitio\/wp-json\/wp\/v2\/users\/4"}],"replies":[{"embeddable":true,"href":"https:\/\/eldiariodesanpedro.com.ar\/sitio\/wp-json\/wp\/v2\/comments?post=39609"}],"version-history":[{"count":1,"href":"https:\/\/eldiariodesanpedro.com.ar\/sitio\/wp-json\/wp\/v2\/posts\/39609\/revisions"}],"predecessor-version":[{"id":39612,"href":"https:\/\/eldiariodesanpedro.com.ar\/sitio\/wp-json\/wp\/v2\/posts\/39609\/revisions\/39612"}],"wp:featuredmedia":[{"embeddable":true,"href":"https:\/\/eldiariodesanpedro.com.ar\/sitio\/wp-json\/wp\/v2\/media\/39610"}],"wp:attachment":[{"href":"https:\/\/eldiariodesanpedro.com.ar\/sitio\/wp-json\/wp\/v2\/media?parent=39609"}],"wp:term":[{"taxonomy":"category","embeddable":true,"href":"https:\/\/eldiariodesanpedro.com.ar\/sitio\/wp-json\/wp\/v2\/categories?post=39609"},{"taxonomy":"post_tag","embeddable":true,"href":"https:\/\/eldiariodesanpedro.com.ar\/sitio\/wp-json\/wp\/v2\/tags?post=39609"}],"curies":[{"name":"wp","href":"https:\/\/api.w.org\/{rel}","templated":true}]}}