{"id":39607,"date":"2018-09-04T20:52:34","date_gmt":"2018-09-04T23:52:34","guid":{"rendered":"https:\/\/eldiariodesanpedro.com.ar\/sitio\/?p=39607"},"modified":"2026-01-24T00:11:06","modified_gmt":"2026-01-24T03:11:06","slug":"juvenil-sub-15-san-pedro-recibe-hoy-a-pergamino-en-el-municipal","status":"publish","type":"post","link":"https:\/\/eldiariodesanpedro.com.ar\/sitio\/juvenil-sub-15-san-pedro-recibe-hoy-a-pergamino-en-el-municipal\/","title":{"rendered":"JUVENIL SUB 15: San Pedro recibe hoy a Pergamino en el Municipal"},"content":{"rendered":"<p><!-- VideographyWP Plugin Message: Automatic video embedding prevented by plugin options. --><br \/>\n  El Nacional sub 15 de f\u00fatbol continuar\u00e1 este mi\u00e9rcoles con todos los cotejos que organiza Federaci\u00f3n Norte de F\u00fatbol, donde una vez m\u00e1s, tercera consecutiva, el Selectivo de San Pedro jugar\u00e1 como local en el Estadio Municipal desde las 16:30 horas.<br \/>\n  El elenco de Gerardo Biain viene de dos empates (Pergamino y Arrecifes) y una derrota (San Antonio de Areco), ahora comienza las revanchas y ser\u00e1 esta, tal vez, la \u00faltima chance de sumar de a tres puntos para seguir en carrera, ya que a\u00fan depende de si mismo.<br \/>\n  En el Polideportivo de Sportivo Baradero juega el seleccionado de esa ciudad a cargo de Mario M\u00e9ndez ante Z\u00e1rate, a quien venci\u00f3 en la ida por 1 a 0. Queda libre San Nicol\u00e1s en esta zona que tiene tres selectivos.  Baradero gan\u00f3 a Z\u00e1rate y luego igual\u00f3 como local con el seleccionado nicole\u00f1o.<\/p>\n<p><strong>Partidos y horarios<\/strong><br \/>\n<img decoding=\"async\" data-attachment-id=\"39608\" data-permalink=\"https:\/\/eldiariodesanpedro.com.ar\/sitio\/juvenil-sub-15-san-pedro-recibe-hoy-a-pergamino-en-el-municipal\/info-05-09-partidos-horarios\/\" data-orig-file=\"https:\/\/eldiariodesanpedro.com.ar\/sitio\/wp-content\/uploads\/2018\/09\/INFO-05-09-partidos-horarios.jpg\" data-orig-size=\"1137,635\" data-comments-opened=\"1\" data-image-meta=\"{&quot;aperture&quot;:&quot;0&quot;,&quot;credit&quot;:&quot;Fernando Bettendorff&quot;,&quot;camera&quot;:&quot;&quot;,&quot;caption&quot;:&quot;&quot;,&quot;created_timestamp&quot;:&quot;1536089862&quot;,&quot;copyright&quot;:&quot;&quot;,&quot;focal_length&quot;:&quot;0&quot;,&quot;iso&quot;:&quot;0&quot;,&quot;shutter_speed&quot;:&quot;0&quot;,&quot;title&quot;:&quot;&quot;,&quot;orientation&quot;:&quot;0&quot;}\" data-image-title=\"INFO 05-09 partidos horarios\" data-image-description=\"\" data-image-caption=\"\" data-large-file=\"https:\/\/eldiariodesanpedro.com.ar\/sitio\/wp-content\/uploads\/2018\/09\/INFO-05-09-partidos-horarios-1024x572.jpg\" data-src=\"https:\/\/eldiariodesanpedro.com.ar\/sitio\/wp-content\/uploads\/2018\/09\/INFO-05-09-partidos-horarios-1024x572.jpg\" alt=\"\" width=\"660\" height=\"369\" class=\"alignnone size-large wp-image-39608 lazyload\" data-srcset=\"https:\/\/eldiariodesanpedro.com.ar\/sitio\/wp-content\/uploads\/2018\/09\/INFO-05-09-partidos-horarios-1024x572.jpg 1024w, https:\/\/eldiariodesanpedro.com.ar\/sitio\/wp-content\/uploads\/2018\/09\/INFO-05-09-partidos-horarios-300x168.jpg 300w, https:\/\/eldiariodesanpedro.com.ar\/sitio\/wp-content\/uploads\/2018\/09\/INFO-05-09-partidos-horarios-768x429.jpg 768w, https:\/\/eldiariodesanpedro.com.ar\/sitio\/wp-content\/uploads\/2018\/09\/INFO-05-09-partidos-horarios.jpg 1137w\" data-sizes=\"(max-width: 660px) 100vw, 660px\" src=\"data:image\/svg+xml;base64,PHN2ZyB3aWR0aD0iMSIgaGVpZ2h0PSIxIiB4bWxucz0iaHR0cDovL3d3dy53My5vcmcvMjAwMC9zdmciPjwvc3ZnPg==\" style=\"--smush-placeholder-width: 660px; --smush-placeholder-aspect-ratio: 660\/369;\" \/><\/p>\n","protected":false},"excerpt":{"rendered":"<p>El Nacional sub 15 de f\u00fatbol continuar\u00e1 este mi\u00e9rcoles con todos los cotejos que organiza Federaci\u00f3n Norte de F\u00fatbol, donde una vez m\u00e1s, tercera consecutiva, el Selectivo de San Pedro jugar\u00e1 como local en el Estadio Municipal desde las 16:30 horas. El elenco de Gerardo Biain viene de dos empates (Pergamino y Arrecifes) y una [&hellip;]<\/p>\n","protected":false},"author":4,"featured_media":35528,"comment_status":"open","ping_status":"closed","sticky":false,"template":"","format":"standard","meta":{"om_disable_all_campaigns":false,"_jetpack_memberships_contains_paid_content":false,"footnotes":""},"categories":[5],"tags":[],"class_list":["post-39607","post","type-post","status-publish","format-standard","has-post-thumbnail","hentry","category-deportes"],"aioseo_notices":[],"gutentor_comment":0,"jetpack_featured_media_url":"https:\/\/eldiariodesanpedro.com.ar\/sitio\/wp-content\/uploads\/2018\/06\/futbol-5.jpg","jetpack_shortlink":"https:\/\/wp.me\/p6RhLt-aiP","jetpack_sharing_enabled":true,"_links":{"self":[{"href":"https:\/\/eldiariodesanpedro.com.ar\/sitio\/wp-json\/wp\/v2\/posts\/39607","targetHints":{"allow":["GET"]}}],"collection":[{"href":"https:\/\/eldiariodesanpedro.com.ar\/sitio\/wp-json\/wp\/v2\/posts"}],"about":[{"href":"https:\/\/eldiariodesanpedro.com.ar\/sitio\/wp-json\/wp\/v2\/types\/post"}],"author":[{"embeddable":true,"href":"https:\/\/eldiariodesanpedro.com.ar\/sitio\/wp-json\/wp\/v2\/users\/4"}],"replies":[{"embeddable":true,"href":"https:\/\/eldiariodesanpedro.com.ar\/sitio\/wp-json\/wp\/v2\/comments?post=39607"}],"version-history":[{"count":2,"href":"https:\/\/eldiariodesanpedro.com.ar\/sitio\/wp-json\/wp\/v2\/posts\/39607\/revisions"}],"predecessor-version":[{"id":39613,"href":"https:\/\/eldiariodesanpedro.com.ar\/sitio\/wp-json\/wp\/v2\/posts\/39607\/revisions\/39613"}],"wp:featuredmedia":[{"embeddable":true,"href":"https:\/\/eldiariodesanpedro.com.ar\/sitio\/wp-json\/wp\/v2\/media\/35528"}],"wp:attachment":[{"href":"https:\/\/eldiariodesanpedro.com.ar\/sitio\/wp-json\/wp\/v2\/media?parent=39607"}],"wp:term":[{"taxonomy":"category","embeddable":true,"href":"https:\/\/eldiariodesanpedro.com.ar\/sitio\/wp-json\/wp\/v2\/categories?post=39607"},{"taxonomy":"post_tag","embeddable":true,"href":"https:\/\/eldiariodesanpedro.com.ar\/sitio\/wp-json\/wp\/v2\/tags?post=39607"}],"curies":[{"name":"wp","href":"https:\/\/api.w.org\/{rel}","templated":true}]}}