{"id":39602,"date":"2018-09-04T20:48:44","date_gmt":"2018-09-04T23:48:44","guid":{"rendered":"https:\/\/eldiariodesanpedro.com.ar\/sitio\/?p=39602"},"modified":"2018-09-04T20:48:44","modified_gmt":"2018-09-04T23:48:44","slug":"campana-escobar-y-zarate-operativos-en-municipios-prefectura-secuestro-mas-de-1200-dosis-de-estupefacientes","status":"publish","type":"post","link":"https:\/\/eldiariodesanpedro.com.ar\/sitio\/campana-escobar-y-zarate-operativos-en-municipios-prefectura-secuestro-mas-de-1200-dosis-de-estupefacientes\/","title":{"rendered":"CAMPANA, ESCOBAR Y Z\u00c1RATE: Operativos en municipios, Prefectura secuestr\u00f3 m\u00e1s de 1200 dosis de estupefacientes"},"content":{"rendered":"<p><!-- VideographyWP Plugin Message: Automatic video embedding prevented by plugin options. --><br \/>\nDurante el primer fin de semana de septiembre, efectivos de la Prefectura Naval Argentina llevaron a cabo 61 operativos en distintos barrios del pa\u00eds en el marco del programa \u201cArgentina sin Narcotr\u00e1fico\u201d, dise\u00f1ado por el Ministerio de Seguridad de la Naci\u00f3n, a cargo de Patricia Bullrich.<\/p>\n<p>  Los patrullajes y controles realizados por la fuerza comandada por Eduardo Scarzello finalizaron con la detenci\u00f3n de 63 personas y el secuestro de 1148 dosis de marihuana y otras 90 de coca\u00edna.<\/p>\n<p>  Los operativos contra el narcomenudeo forman parte de las tareas de seguridad ciudadana que realiza la instituci\u00f3n en las ciudades de Buenos Aires, Santa Fe (barrio Alto Verde), Rosario y Mar del Plata, y en las localidades bonaerenses de Campana, Escobar, Z\u00e1rate, Tigre, San Fernando, San Isidro, Vicente L\u00f3pez, Avellaneda, Quilmes y Berisso.<\/p>\n<p>  Agosto finaliz\u00f3 con el secuestro de 19988 dosis de marihuana, 5442 de coca\u00edna y, con 977 detenidos como resultado de un total de 942 procedimientos por narcomenudeo.<\/p>\n<p>Fuente: Impacto Local<\/p>\n","protected":false},"excerpt":{"rendered":"<p>Durante el primer fin de semana de septiembre, efectivos de la Prefectura Naval Argentina llevaron a cabo 61 operativos en distintos barrios del pa\u00eds en el marco del programa \u201cArgentina sin Narcotr\u00e1fico\u201d, dise\u00f1ado por el Ministerio de Seguridad de la Naci\u00f3n, a cargo de Patricia Bullrich. Los patrullajes y controles realizados por la fuerza comandada [&hellip;]<\/p>\n","protected":false},"author":4,"featured_media":39603,"comment_status":"open","ping_status":"closed","sticky":false,"template":"","format":"standard","meta":{"om_disable_all_campaigns":false,"_jetpack_memberships_contains_paid_content":false,"footnotes":""},"categories":[621],"tags":[],"class_list":["post-39602","post","type-post","status-publish","format-standard","has-post-thumbnail","hentry","category-regionales"],"aioseo_notices":[],"gutentor_comment":0,"jetpack_featured_media_url":"https:\/\/eldiariodesanpedro.com.ar\/sitio\/wp-content\/uploads\/2018\/09\/campana-escobar-zarate-Operativos-en-municipios.jpg","jetpack_shortlink":"https:\/\/wp.me\/p6RhLt-aiK","jetpack_sharing_enabled":true,"_links":{"self":[{"href":"https:\/\/eldiariodesanpedro.com.ar\/sitio\/wp-json\/wp\/v2\/posts\/39602","targetHints":{"allow":["GET"]}}],"collection":[{"href":"https:\/\/eldiariodesanpedro.com.ar\/sitio\/wp-json\/wp\/v2\/posts"}],"about":[{"href":"https:\/\/eldiariodesanpedro.com.ar\/sitio\/wp-json\/wp\/v2\/types\/post"}],"author":[{"embeddable":true,"href":"https:\/\/eldiariodesanpedro.com.ar\/sitio\/wp-json\/wp\/v2\/users\/4"}],"replies":[{"embeddable":true,"href":"https:\/\/eldiariodesanpedro.com.ar\/sitio\/wp-json\/wp\/v2\/comments?post=39602"}],"version-history":[{"count":1,"href":"https:\/\/eldiariodesanpedro.com.ar\/sitio\/wp-json\/wp\/v2\/posts\/39602\/revisions"}],"predecessor-version":[{"id":39605,"href":"https:\/\/eldiariodesanpedro.com.ar\/sitio\/wp-json\/wp\/v2\/posts\/39602\/revisions\/39605"}],"wp:featuredmedia":[{"embeddable":true,"href":"https:\/\/eldiariodesanpedro.com.ar\/sitio\/wp-json\/wp\/v2\/media\/39603"}],"wp:attachment":[{"href":"https:\/\/eldiariodesanpedro.com.ar\/sitio\/wp-json\/wp\/v2\/media?parent=39602"}],"wp:term":[{"taxonomy":"category","embeddable":true,"href":"https:\/\/eldiariodesanpedro.com.ar\/sitio\/wp-json\/wp\/v2\/categories?post=39602"},{"taxonomy":"post_tag","embeddable":true,"href":"https:\/\/eldiariodesanpedro.com.ar\/sitio\/wp-json\/wp\/v2\/tags?post=39602"}],"curies":[{"name":"wp","href":"https:\/\/api.w.org\/{rel}","templated":true}]}}