{"id":39598,"date":"2018-09-04T20:45:54","date_gmt":"2018-09-04T23:45:54","guid":{"rendered":"https:\/\/eldiariodesanpedro.com.ar\/sitio\/?p=39598"},"modified":"2018-09-04T20:45:54","modified_gmt":"2018-09-04T23:45:54","slug":"campana-el-municipio-incorporo-nuevos-hidroelevadores-para-seguir-mejorando-los-servicios","status":"publish","type":"post","link":"https:\/\/eldiariodesanpedro.com.ar\/sitio\/campana-el-municipio-incorporo-nuevos-hidroelevadores-para-seguir-mejorando-los-servicios\/","title":{"rendered":"CAMPANA: El Municipio incorpor\u00f3 nuevos hidroelevadores para seguir mejorando los servicios"},"content":{"rendered":"<p><!-- VideographyWP Plugin Message: Automatic video embedding prevented by plugin options. --><br \/>\nSer\u00e1n destinados a tareas de reparaci\u00f3n de luminarias y poda correctiva. El intendente Abella asegur\u00f3 que \u201cpermitir\u00e1n dar respuesta inmediata a los reclamos de los vecinos\u201d.<\/p>\n<p>  El intendente Sebasti\u00e1n Abella present\u00f3 hoy dos nuevos camiones hidroelevadores adquiridos por el Municipio para reforzar las tareas de reparaci\u00f3n de luminarias y poda correctiva.<br \/>\n  Los veh\u00edculos, financiados a trav\u00e9s de Provincia Leasing, \u201cfueron esperados ansiosamente\u201d porque \u201cpermitir\u00e1n continuar con los trabajos de mantenimiento de la ciudad\u201d, destac\u00f3 Abella.<br \/>\n  \u201cEs una importante incorporaci\u00f3n teniendo en cuenta que los antiguos camiones alcanzaban una altura de 12 metros y actualmente hay postes con una altura mayor. Por eso, ahora s\u00ed podr\u00e1n realizarse sin dificultad y en forma segura m\u00e1s reparaciones de luminarias y podas\u201d, enfatiz\u00f3.<br \/>\n  Finalmente, indic\u00f3 que estos camiones permitir\u00e1n dar respuestas inmediatas a los reclamos que los vecinos realizan a trav\u00e9s del CeMAV. \u201cEsta nueva herramienta nos permitir\u00e1 ponernos a la altura de lo que nos piden\u201d, cerr\u00f3 el Intendente.<\/p>\n","protected":false},"excerpt":{"rendered":"<p>Ser\u00e1n destinados a tareas de reparaci\u00f3n de luminarias y poda correctiva. El intendente Abella asegur\u00f3 que \u201cpermitir\u00e1n dar respuesta inmediata a los reclamos de los vecinos\u201d. El intendente Sebasti\u00e1n Abella present\u00f3 hoy dos nuevos camiones hidroelevadores adquiridos por el Municipio para reforzar las tareas de reparaci\u00f3n de luminarias y poda correctiva. Los veh\u00edculos, financiados a [&hellip;]<\/p>\n","protected":false},"author":4,"featured_media":39600,"comment_status":"open","ping_status":"closed","sticky":false,"template":"","format":"standard","meta":{"om_disable_all_campaigns":false,"_jetpack_memberships_contains_paid_content":false,"footnotes":""},"categories":[621],"tags":[],"class_list":["post-39598","post","type-post","status-publish","format-standard","has-post-thumbnail","hentry","category-regionales"],"aioseo_notices":[],"gutentor_comment":0,"jetpack_featured_media_url":"https:\/\/eldiariodesanpedro.com.ar\/sitio\/wp-content\/uploads\/2018\/09\/Abella-present\u00f3-los-nuevos-camiones-hidroelevadores.jpg","jetpack_shortlink":"https:\/\/wp.me\/p6RhLt-aiG","jetpack_sharing_enabled":true,"_links":{"self":[{"href":"https:\/\/eldiariodesanpedro.com.ar\/sitio\/wp-json\/wp\/v2\/posts\/39598","targetHints":{"allow":["GET"]}}],"collection":[{"href":"https:\/\/eldiariodesanpedro.com.ar\/sitio\/wp-json\/wp\/v2\/posts"}],"about":[{"href":"https:\/\/eldiariodesanpedro.com.ar\/sitio\/wp-json\/wp\/v2\/types\/post"}],"author":[{"embeddable":true,"href":"https:\/\/eldiariodesanpedro.com.ar\/sitio\/wp-json\/wp\/v2\/users\/4"}],"replies":[{"embeddable":true,"href":"https:\/\/eldiariodesanpedro.com.ar\/sitio\/wp-json\/wp\/v2\/comments?post=39598"}],"version-history":[{"count":1,"href":"https:\/\/eldiariodesanpedro.com.ar\/sitio\/wp-json\/wp\/v2\/posts\/39598\/revisions"}],"predecessor-version":[{"id":39601,"href":"https:\/\/eldiariodesanpedro.com.ar\/sitio\/wp-json\/wp\/v2\/posts\/39598\/revisions\/39601"}],"wp:featuredmedia":[{"embeddable":true,"href":"https:\/\/eldiariodesanpedro.com.ar\/sitio\/wp-json\/wp\/v2\/media\/39600"}],"wp:attachment":[{"href":"https:\/\/eldiariodesanpedro.com.ar\/sitio\/wp-json\/wp\/v2\/media?parent=39598"}],"wp:term":[{"taxonomy":"category","embeddable":true,"href":"https:\/\/eldiariodesanpedro.com.ar\/sitio\/wp-json\/wp\/v2\/categories?post=39598"},{"taxonomy":"post_tag","embeddable":true,"href":"https:\/\/eldiariodesanpedro.com.ar\/sitio\/wp-json\/wp\/v2\/tags?post=39598"}],"curies":[{"name":"wp","href":"https:\/\/api.w.org\/{rel}","templated":true}]}}