{"id":39594,"date":"2018-09-04T20:43:45","date_gmt":"2018-09-04T23:43:45","guid":{"rendered":"https:\/\/eldiariodesanpedro.com.ar\/sitio\/?p=39594"},"modified":"2018-09-04T20:43:45","modified_gmt":"2018-09-04T23:43:45","slug":"san-nicolas-manifestacion-con-huevazos-frente-a-las-oficinas-de-la-empresa-distribuidora-de-gas-natural","status":"publish","type":"post","link":"https:\/\/eldiariodesanpedro.com.ar\/sitio\/san-nicolas-manifestacion-con-huevazos-frente-a-las-oficinas-de-la-empresa-distribuidora-de-gas-natural\/","title":{"rendered":"SAN NICOL\u00c1S: Manifestaci\u00f3n con huevazos frente a las oficinas de la empresa distribuidora de gas natural"},"content":{"rendered":"<p><!-- VideographyWP Plugin Message: Automatic video embedding prevented by plugin options. --><br \/>\nOrganizaciones sociales, gremiales y referentes pol\u00edticos se manifestaron frente a las oficinas de la empresa distribuidora de gas natural en San Nicol\u00e1s. El malhumor, la angustia y la bronca se expresaron con reclamos airados. Un grupo de manifestantes lanz\u00f3 huevos al sector de ingreso. Hubo vecinos que mostraron facturas que llegan a los 9000 pesos.<\/p>\n<p>  Organizaciones sociales (CTEP, Movimiento Evita, Barrios de Pie, CCC, MTE), gremiales (Suteba, ATE, CTA, entre otros) y sectores partidarios (PJ) en las puertas de las oficinas de Litoral Gas.<br \/>\n  El dato saliente es que a la protesta se sumaban los ocasionales automovilistas que pasaban por el lugar haciendo sonar sus bocinas en se\u00f1al de apoyo. Un grupo de manifestantes expres\u00f3 su bronca lanzando huevos en el sector de ingreso a la oficina, mientras sobre calle Espa\u00f1a se multiplicaban las personas que mostraban la \u00faltima factura con montos que -en algunos casos- superaban los 9000 pesos.<\/p>\n<p>Fuente: Diario El Norte<\/p>\n","protected":false},"excerpt":{"rendered":"<p>Organizaciones sociales, gremiales y referentes pol\u00edticos se manifestaron frente a las oficinas de la empresa distribuidora de gas natural en San Nicol\u00e1s. El malhumor, la angustia y la bronca se expresaron con reclamos airados. Un grupo de manifestantes lanz\u00f3 huevos al sector de ingreso. Hubo vecinos que mostraron facturas que llegan a los 9000 pesos. [&hellip;]<\/p>\n","protected":false},"author":4,"featured_media":39597,"comment_status":"open","ping_status":"closed","sticky":false,"template":"","format":"standard","meta":{"om_disable_all_campaigns":false,"_jetpack_memberships_contains_paid_content":false,"footnotes":""},"categories":[621],"tags":[],"class_list":["post-39594","post","type-post","status-publish","format-standard","has-post-thumbnail","hentry","category-regionales"],"aioseo_notices":[],"gutentor_comment":0,"jetpack_featured_media_url":"https:\/\/eldiariodesanpedro.com.ar\/sitio\/wp-content\/uploads\/2018\/09\/san-nicolas-manifestantes-frente-a-distribuidora-de-gas.jpg","jetpack_shortlink":"https:\/\/wp.me\/p6RhLt-aiC","jetpack_sharing_enabled":true,"_links":{"self":[{"href":"https:\/\/eldiariodesanpedro.com.ar\/sitio\/wp-json\/wp\/v2\/posts\/39594","targetHints":{"allow":["GET"]}}],"collection":[{"href":"https:\/\/eldiariodesanpedro.com.ar\/sitio\/wp-json\/wp\/v2\/posts"}],"about":[{"href":"https:\/\/eldiariodesanpedro.com.ar\/sitio\/wp-json\/wp\/v2\/types\/post"}],"author":[{"embeddable":true,"href":"https:\/\/eldiariodesanpedro.com.ar\/sitio\/wp-json\/wp\/v2\/users\/4"}],"replies":[{"embeddable":true,"href":"https:\/\/eldiariodesanpedro.com.ar\/sitio\/wp-json\/wp\/v2\/comments?post=39594"}],"version-history":[{"count":1,"href":"https:\/\/eldiariodesanpedro.com.ar\/sitio\/wp-json\/wp\/v2\/posts\/39594\/revisions"}],"predecessor-version":[{"id":39599,"href":"https:\/\/eldiariodesanpedro.com.ar\/sitio\/wp-json\/wp\/v2\/posts\/39594\/revisions\/39599"}],"wp:featuredmedia":[{"embeddable":true,"href":"https:\/\/eldiariodesanpedro.com.ar\/sitio\/wp-json\/wp\/v2\/media\/39597"}],"wp:attachment":[{"href":"https:\/\/eldiariodesanpedro.com.ar\/sitio\/wp-json\/wp\/v2\/media?parent=39594"}],"wp:term":[{"taxonomy":"category","embeddable":true,"href":"https:\/\/eldiariodesanpedro.com.ar\/sitio\/wp-json\/wp\/v2\/categories?post=39594"},{"taxonomy":"post_tag","embeddable":true,"href":"https:\/\/eldiariodesanpedro.com.ar\/sitio\/wp-json\/wp\/v2\/tags?post=39594"}],"curies":[{"name":"wp","href":"https:\/\/api.w.org\/{rel}","templated":true}]}}