{"id":39593,"date":"2018-09-04T20:42:13","date_gmt":"2018-09-04T23:42:13","guid":{"rendered":"https:\/\/eldiariodesanpedro.com.ar\/sitio\/?p=39593"},"modified":"2018-09-04T20:42:13","modified_gmt":"2018-09-04T23:42:13","slug":"escobar-desbaratan-una-banda-que-vendia-droga-en-la-vereda-de-una-escuela-de-garin","status":"publish","type":"post","link":"https:\/\/eldiariodesanpedro.com.ar\/sitio\/escobar-desbaratan-una-banda-que-vendia-droga-en-la-vereda-de-una-escuela-de-garin\/","title":{"rendered":"ESCOBAR: Desbaratan una banda que vend\u00eda droga en la vereda de una escuela de Gar\u00edn"},"content":{"rendered":"<p><!-- VideographyWP Plugin Message: Automatic video embedding prevented by plugin options. --><br \/>\nLa Secretar\u00eda de Seguridad y Prevenci\u00f3n Comunitaria de la Municipalidad de Escobar inform\u00f3 que, como consecuencia de un llamado an\u00f3nimo recibido en el 0800 municipal para realizar denuncias vinculadas al narcotr\u00e1fico, se inici\u00f3 una investigaci\u00f3n que deriv\u00f3 en la realizaci\u00f3n de un allanamiento en Gar\u00edn, donde se incautaron 54 gramos de coca\u00edna de m\u00e1xima pureza y se detuvo a dos personas.<\/p>\n<p>  El procedimiento se realiz\u00f3 en la calle Centenario al 3900, en una vivienda ubicada frente a la Escuela Primaria N\u00ba 10 y la Secundaria N\u00ba 1. En ese lugar, en la noche del jueves, un hombre y una mujer, ambos mayores de edad, resultaron aprehendidos y quedaron a disposici\u00f3n de la Justicia.<\/p>\n<p>  Durante las tareas previas de inteligencia se determin\u00f3 que, en al menos dos oportunidades, la droga era comercializada en la vereda misma del establecimiento educativo, en el horario de entrada y salida de los alumnos, aprovechando el movimiento diario de familias.<\/p>\n<p>  La droga incautada estaba fraccionada en 17 envoltorios de nylon color verde. En el operativo tambi\u00e9n se secuestraron dos tel\u00e9fonos celulares, pruebas que pueden aportar m\u00e1s datos a la investigaci\u00f3n.<\/p>\n<p>  El procedimiento estuvo a cargo de la Superintendencia de Investigaciones de Tr\u00e1fico de Drogas Il\u00edcitas y Crimen Organizado, delegaci\u00f3n Z\u00e1rate-Campana, con apoyo de la oficina de Escobar.<\/p>\n<p>  Desde la puesta en funcionamiento de la l\u00ednea municipal gratuita 0800-555-3473 por parte de la gesti\u00f3n del intendente Ariel Sujarchuk, se iniciaron 285 l\u00edneas de investigaci\u00f3n como consecuencia de las denuncias recibidas por vecinos.<\/p>\n<p>Fuente: escobarnews.com<\/p>\n","protected":false},"excerpt":{"rendered":"<p>La Secretar\u00eda de Seguridad y Prevenci\u00f3n Comunitaria de la Municipalidad de Escobar inform\u00f3 que, como consecuencia de un llamado an\u00f3nimo recibido en el 0800 municipal para realizar denuncias vinculadas al narcotr\u00e1fico, se inici\u00f3 una investigaci\u00f3n que deriv\u00f3 en la realizaci\u00f3n de un allanamiento en Gar\u00edn, donde se incautaron 54 gramos de coca\u00edna de m\u00e1xima pureza [&hellip;]<\/p>\n","protected":false},"author":4,"featured_media":39595,"comment_status":"open","ping_status":"closed","sticky":false,"template":"","format":"standard","meta":{"om_disable_all_campaigns":false,"_jetpack_memberships_contains_paid_content":false,"footnotes":""},"categories":[621],"tags":[],"class_list":["post-39593","post","type-post","status-publish","format-standard","has-post-thumbnail","hentry","category-regionales"],"aioseo_notices":[],"gutentor_comment":0,"jetpack_featured_media_url":"https:\/\/eldiariodesanpedro.com.ar\/sitio\/wp-content\/uploads\/2018\/09\/Resultado-del-allanamiento.jpg","jetpack_shortlink":"https:\/\/wp.me\/p6RhLt-aiB","jetpack_sharing_enabled":true,"_links":{"self":[{"href":"https:\/\/eldiariodesanpedro.com.ar\/sitio\/wp-json\/wp\/v2\/posts\/39593","targetHints":{"allow":["GET"]}}],"collection":[{"href":"https:\/\/eldiariodesanpedro.com.ar\/sitio\/wp-json\/wp\/v2\/posts"}],"about":[{"href":"https:\/\/eldiariodesanpedro.com.ar\/sitio\/wp-json\/wp\/v2\/types\/post"}],"author":[{"embeddable":true,"href":"https:\/\/eldiariodesanpedro.com.ar\/sitio\/wp-json\/wp\/v2\/users\/4"}],"replies":[{"embeddable":true,"href":"https:\/\/eldiariodesanpedro.com.ar\/sitio\/wp-json\/wp\/v2\/comments?post=39593"}],"version-history":[{"count":1,"href":"https:\/\/eldiariodesanpedro.com.ar\/sitio\/wp-json\/wp\/v2\/posts\/39593\/revisions"}],"predecessor-version":[{"id":39596,"href":"https:\/\/eldiariodesanpedro.com.ar\/sitio\/wp-json\/wp\/v2\/posts\/39593\/revisions\/39596"}],"wp:featuredmedia":[{"embeddable":true,"href":"https:\/\/eldiariodesanpedro.com.ar\/sitio\/wp-json\/wp\/v2\/media\/39595"}],"wp:attachment":[{"href":"https:\/\/eldiariodesanpedro.com.ar\/sitio\/wp-json\/wp\/v2\/media?parent=39593"}],"wp:term":[{"taxonomy":"category","embeddable":true,"href":"https:\/\/eldiariodesanpedro.com.ar\/sitio\/wp-json\/wp\/v2\/categories?post=39593"},{"taxonomy":"post_tag","embeddable":true,"href":"https:\/\/eldiariodesanpedro.com.ar\/sitio\/wp-json\/wp\/v2\/tags?post=39593"}],"curies":[{"name":"wp","href":"https:\/\/api.w.org\/{rel}","templated":true}]}}