{"id":39584,"date":"2018-09-04T15:41:10","date_gmt":"2018-09-04T18:41:10","guid":{"rendered":"https:\/\/eldiariodesanpedro.com.ar\/sitio\/?p=39584"},"modified":"2018-09-04T15:41:10","modified_gmt":"2018-09-04T18:41:10","slug":"peligroso-menor-detenido-fue-trasladado-a-un-instituto-de-mercedes","status":"publish","type":"post","link":"https:\/\/eldiariodesanpedro.com.ar\/sitio\/peligroso-menor-detenido-fue-trasladado-a-un-instituto-de-mercedes\/","title":{"rendered":"Peligroso menor detenido fue trasladado a un instituto de Mercedes"},"content":{"rendered":"<p><!-- VideographyWP Plugin Message: Automatic video embedding prevented by plugin options. --><br \/>\nEste lunes en horas de la madrugada se realiz\u00f3 la detenci\u00f3n de un peligroso delincuente menor de edad en un allanamiento tras el robo a una se\u00f1ora en la v\u00eda p\u00fablica por lo que el juez de Garant\u00edas de San Nicol\u00e1s decidi\u00f3 trasladarlo a un Centro de Contenci\u00f3n en Mercedes.<\/p>\n<p>El delincuente de 17 a\u00f1os aprehendido en la madrugada del pasado lunes cuando se realiz\u00f3 el allanamiento en su domicilio ubicado en Fray Cayetano Rodriguez al 1200, tras permanecer alojado en la Comisar\u00eda de nuestra ciudad algunas horas fue trasladado el menor de 17 a\u00f1os que aparece imputado en varios il\u00edcitos. El acusado qued\u00f3 alojado en el Centro de Contenci\u00f3n de la Ni\u00f1ez y adolescencia de la ciudad de Mercedes.<\/p>\n<p>El menor cuenta con frondosos antecedentes y tras protagonizar un arrebato en la v\u00eda p\u00fablica contra una mujer que lo identific\u00f3, se le secuestraron en su casa los elementos sustra\u00eddo a la v\u00edctima que en definitiva terminaron sirviendo de prueba para su detenci\u00f3n. Tambi\u00e9n se le incaut\u00f3 una moto con pedido de secuestro activo por robo.<\/p>\n<p>El acusado es el mismo que desde hace algunos meses viene provocando todo tipo de delito como robos, hurtos, abuso de arma, arrebatos, resistencia a la autoridad y violaci\u00f3n de domicilio.<\/p>\n<p>Ahora, por decisi\u00f3n de la Fiscal\u00eda del Joven, qued\u00f3 imputado y alojado en el instituto de menores donde quiz\u00e1s deba aguardar cumplir la mayor\u00eda de edad para poder ser procesado como mayor y quedar detenido e una Unidad Penal de la provincia.<\/p>\n<p>Adem\u00e1s en la ma\u00f1ana de este martes en las primeras horas en la redacci\u00f3n del Diario de San Pedro se recibi\u00f3 la amenaza telef\u00f3nica aparentemente por la madre del delincuente quien agredi\u00f3 verbalmente y amenaz\u00f3 con prender fuego nuestro local comercial por enojon de la publicaci\u00f3n de la noticia del allanamiento en su domicilio donde se encontr\u00f3 al joven delincuente y los elementos robados. Se realiz\u00f3 la denuncia pertinente en la comisaria local.<\/p>\n<p>LOS ELEMENTOS SECUESTRADOS<br \/>\n<img decoding=\"async\" data-attachment-id=\"39587\" data-permalink=\"https:\/\/eldiariodesanpedro.com.ar\/sitio\/peligroso-menor-detenido-fue-trasladado-a-un-instituto-de-mercedes\/sin-titulo-1-14\/\" data-orig-file=\"https:\/\/eldiariodesanpedro.com.ar\/sitio\/wp-content\/uploads\/2018\/09\/Sin-t\u00edtulo-1.jpg\" data-orig-size=\"1129,628\" data-comments-opened=\"1\" data-image-meta=\"{&quot;aperture&quot;:&quot;0&quot;,&quot;credit&quot;:&quot;Fernando Bettendorff&quot;,&quot;camera&quot;:&quot;&quot;,&quot;caption&quot;:&quot;&quot;,&quot;created_timestamp&quot;:&quot;1536068234&quot;,&quot;copyright&quot;:&quot;&quot;,&quot;focal_length&quot;:&quot;0&quot;,&quot;iso&quot;:&quot;0&quot;,&quot;shutter_speed&quot;:&quot;0&quot;,&quot;title&quot;:&quot;&quot;,&quot;orientation&quot;:&quot;0&quot;}\" data-image-title=\"Sin t\u00edtulo-1\" data-image-description=\"\" data-image-caption=\"\" data-large-file=\"https:\/\/eldiariodesanpedro.com.ar\/sitio\/wp-content\/uploads\/2018\/09\/Sin-t\u00edtulo-1-1024x570.jpg\" class=\"alignnone size-large wp-image-39587 lazyload\" data-src=\"https:\/\/eldiariodesanpedro.com.ar\/sitio\/wp-content\/uploads\/2018\/09\/Sin-t\u00edtulo-1-1024x570.jpg\" alt=\"\" width=\"660\" height=\"367\" data-srcset=\"https:\/\/eldiariodesanpedro.com.ar\/sitio\/wp-content\/uploads\/2018\/09\/Sin-t\u00edtulo-1-1024x570.jpg 1024w, https:\/\/eldiariodesanpedro.com.ar\/sitio\/wp-content\/uploads\/2018\/09\/Sin-t\u00edtulo-1-300x167.jpg 300w, https:\/\/eldiariodesanpedro.com.ar\/sitio\/wp-content\/uploads\/2018\/09\/Sin-t\u00edtulo-1-768x427.jpg 768w, https:\/\/eldiariodesanpedro.com.ar\/sitio\/wp-content\/uploads\/2018\/09\/Sin-t\u00edtulo-1-800x445.jpg 800w, https:\/\/eldiariodesanpedro.com.ar\/sitio\/wp-content\/uploads\/2018\/09\/Sin-t\u00edtulo-1.jpg 1129w\" data-sizes=\"(max-width: 660px) 100vw, 660px\" src=\"data:image\/svg+xml;base64,PHN2ZyB3aWR0aD0iMSIgaGVpZ2h0PSIxIiB4bWxucz0iaHR0cDovL3d3dy53My5vcmcvMjAwMC9zdmciPjwvc3ZnPg==\" style=\"--smush-placeholder-width: 660px; --smush-placeholder-aspect-ratio: 660\/367;\" \/><\/p>\n<p>LA CASA ALLANADA<br \/>\n<img decoding=\"async\" data-attachment-id=\"39588\" data-permalink=\"https:\/\/eldiariodesanpedro.com.ar\/sitio\/peligroso-menor-detenido-fue-trasladado-a-un-instituto-de-mercedes\/whatsapp-image-2018-09-03-at-08-49-03-2\/\" data-orig-file=\"https:\/\/eldiariodesanpedro.com.ar\/sitio\/wp-content\/uploads\/2018\/09\/WhatsApp-Image-2018-09-03-at-08.49.03-1.jpeg\" data-orig-size=\"1280,720\" data-comments-opened=\"1\" data-image-meta=\"{&quot;aperture&quot;:&quot;0&quot;,&quot;credit&quot;:&quot;&quot;,&quot;camera&quot;:&quot;&quot;,&quot;caption&quot;:&quot;&quot;,&quot;created_timestamp&quot;:&quot;0&quot;,&quot;copyright&quot;:&quot;&quot;,&quot;focal_length&quot;:&quot;0&quot;,&quot;iso&quot;:&quot;0&quot;,&quot;shutter_speed&quot;:&quot;0&quot;,&quot;title&quot;:&quot;&quot;,&quot;orientation&quot;:&quot;0&quot;}\" data-image-title=\"WhatsApp-Image-2018-09-03-at-08.49.03\" data-image-description=\"\" data-image-caption=\"\" data-large-file=\"https:\/\/eldiariodesanpedro.com.ar\/sitio\/wp-content\/uploads\/2018\/09\/WhatsApp-Image-2018-09-03-at-08.49.03-1-1024x576.jpeg\" class=\"alignnone size-large wp-image-39588 lazyload\" data-src=\"https:\/\/eldiariodesanpedro.com.ar\/sitio\/wp-content\/uploads\/2018\/09\/WhatsApp-Image-2018-09-03-at-08.49.03-1-1024x576.jpeg\" alt=\"\" width=\"660\" height=\"371\" data-srcset=\"https:\/\/eldiariodesanpedro.com.ar\/sitio\/wp-content\/uploads\/2018\/09\/WhatsApp-Image-2018-09-03-at-08.49.03-1-1024x576.jpeg 1024w, https:\/\/eldiariodesanpedro.com.ar\/sitio\/wp-content\/uploads\/2018\/09\/WhatsApp-Image-2018-09-03-at-08.49.03-1-300x169.jpeg 300w, https:\/\/eldiariodesanpedro.com.ar\/sitio\/wp-content\/uploads\/2018\/09\/WhatsApp-Image-2018-09-03-at-08.49.03-1-768x432.jpeg 768w, https:\/\/eldiariodesanpedro.com.ar\/sitio\/wp-content\/uploads\/2018\/09\/WhatsApp-Image-2018-09-03-at-08.49.03-1.jpeg 1280w\" data-sizes=\"(max-width: 660px) 100vw, 660px\" src=\"data:image\/svg+xml;base64,PHN2ZyB3aWR0aD0iMSIgaGVpZ2h0PSIxIiB4bWxucz0iaHR0cDovL3d3dy53My5vcmcvMjAwMC9zdmciPjwvc3ZnPg==\" style=\"--smush-placeholder-width: 660px; --smush-placeholder-aspect-ratio: 660\/371;\" \/><\/p>\n","protected":false},"excerpt":{"rendered":"<p>Este lunes en horas de la madrugada se realiz\u00f3 la detenci\u00f3n de un peligroso delincuente menor de edad en un allanamiento tras el robo a una se\u00f1ora en la v\u00eda p\u00fablica por lo que el juez de Garant\u00edas de San Nicol\u00e1s decidi\u00f3 trasladarlo a un Centro de Contenci\u00f3n en Mercedes. El delincuente de 17 a\u00f1os [&hellip;]<\/p>\n","protected":false},"author":4,"featured_media":31711,"comment_status":"open","ping_status":"closed","sticky":false,"template":"","format":"standard","meta":{"om_disable_all_campaigns":false,"_jetpack_memberships_contains_paid_content":false,"footnotes":""},"categories":[2,103],"tags":[],"class_list":["post-39584","post","type-post","status-publish","format-standard","has-post-thumbnail","hentry","category-locales","category-policiales-locales"],"aioseo_notices":[],"gutentor_comment":0,"jetpack_featured_media_url":"https:\/\/eldiariodesanpedro.com.ar\/sitio\/wp-content\/uploads\/2018\/04\/detenido_abuso.jpg","jetpack_shortlink":"https:\/\/wp.me\/p6RhLt-ais","jetpack_sharing_enabled":true,"_links":{"self":[{"href":"https:\/\/eldiariodesanpedro.com.ar\/sitio\/wp-json\/wp\/v2\/posts\/39584","targetHints":{"allow":["GET"]}}],"collection":[{"href":"https:\/\/eldiariodesanpedro.com.ar\/sitio\/wp-json\/wp\/v2\/posts"}],"about":[{"href":"https:\/\/eldiariodesanpedro.com.ar\/sitio\/wp-json\/wp\/v2\/types\/post"}],"author":[{"embeddable":true,"href":"https:\/\/eldiariodesanpedro.com.ar\/sitio\/wp-json\/wp\/v2\/users\/4"}],"replies":[{"embeddable":true,"href":"https:\/\/eldiariodesanpedro.com.ar\/sitio\/wp-json\/wp\/v2\/comments?post=39584"}],"version-history":[{"count":2,"href":"https:\/\/eldiariodesanpedro.com.ar\/sitio\/wp-json\/wp\/v2\/posts\/39584\/revisions"}],"predecessor-version":[{"id":39590,"href":"https:\/\/eldiariodesanpedro.com.ar\/sitio\/wp-json\/wp\/v2\/posts\/39584\/revisions\/39590"}],"wp:featuredmedia":[{"embeddable":true,"href":"https:\/\/eldiariodesanpedro.com.ar\/sitio\/wp-json\/wp\/v2\/media\/31711"}],"wp:attachment":[{"href":"https:\/\/eldiariodesanpedro.com.ar\/sitio\/wp-json\/wp\/v2\/media?parent=39584"}],"wp:term":[{"taxonomy":"category","embeddable":true,"href":"https:\/\/eldiariodesanpedro.com.ar\/sitio\/wp-json\/wp\/v2\/categories?post=39584"},{"taxonomy":"post_tag","embeddable":true,"href":"https:\/\/eldiariodesanpedro.com.ar\/sitio\/wp-json\/wp\/v2\/tags?post=39584"}],"curies":[{"name":"wp","href":"https:\/\/api.w.org\/{rel}","templated":true}]}}