{"id":39577,"date":"2018-09-04T10:19:02","date_gmt":"2018-09-04T13:19:02","guid":{"rendered":"https:\/\/eldiariodesanpedro.com.ar\/sitio\/?p=39577"},"modified":"2018-09-04T13:13:49","modified_gmt":"2018-09-04T16:13:49","slug":"vecinos-se-autoconvocaron-por-redes-socielas-para-saquear-un-supermercado","status":"publish","type":"post","link":"https:\/\/eldiariodesanpedro.com.ar\/sitio\/vecinos-se-autoconvocaron-por-redes-socielas-para-saquear-un-supermercado\/","title":{"rendered":"Vecinos se autoconvocaron por redes socielas para saquear un supermercado"},"content":{"rendered":"<p><!-- VideographyWP Plugin Message: Automatic video embedding prevented by plugin options. --><br \/>\nEste lunes alrededor de las 18:30 hs efectivos del grupo GAD y efectivos policiales se hicieron presente en una plaza de nuestra ciudad donde se comenz\u00f3 a reunir un grupo de gente con intensiones de saquear un supermercado de origen chino.<\/p>\n<p>Los efectivos se hicieron presentes en la plaza Amistad en la intersecci\u00f3n de la Av. 11 de Septiembre y Quiroga, donde un grupo de personas hombres, mujeres y obviamente ni\u00f1os peque\u00f1os se presentaron convocados a trav\u00e9s de un grupo de Whatsapp para realizar el saqueo teniendo como blanco un supermercado de origen chino ubicado en la esquina de Av. 11 de Septiembre y Boulevard Moreno, tambi\u00e9n se cree que ten\u00edan preparado otro saqueo en el supermercado ubicado en calle Auli y Miguel Porta.<\/p>\n<p>La policia actuo rapidamente evitando que las personas se agrupen y realizar controles constantes por los comercios de la zona temiendo de que de cualquier manera se reagrupan en otro lugar.<\/p>\n<p>Se pudo ver que en la mayor\u00eda de los supermercados del mismo origen ubicados en diferentes puntos de la ciudad se encontraba uno de los trabajadores del lugar parado afuera de los mismo controlando el movimiento de cada lugar como prevenci\u00f3n.<\/p>\n<p>Al mismo tiempo, identificaron a algunos de los que estuvo en el lugar con fines delictivos y la Fiscal\u00eda N\u00b0 11 de Viviana Ramos inici\u00f3 una investigaci\u00f3n para junto a personal de la DDI para individualizar a los organizadores del saqueo.<\/p>\n<p><img decoding=\"async\" data-attachment-id=\"39579\" data-permalink=\"https:\/\/eldiariodesanpedro.com.ar\/sitio\/vecinos-se-autoconvocaron-por-redes-socielas-para-saquear-un-supermercado\/40614712_2095310017399797_6041019759800090624_n_li\/\" data-orig-file=\"https:\/\/eldiariodesanpedro.com.ar\/sitio\/wp-content\/uploads\/2018\/09\/40614712_2095310017399797_6041019759800090624_n_LI-e1536077545956.jpg\" data-orig-size=\"479,741\" data-comments-opened=\"1\" data-image-meta=\"{&quot;aperture&quot;:&quot;0&quot;,&quot;credit&quot;:&quot;&quot;,&quot;camera&quot;:&quot;&quot;,&quot;caption&quot;:&quot;&quot;,&quot;created_timestamp&quot;:&quot;1536056123&quot;,&quot;copyright&quot;:&quot;&quot;,&quot;focal_length&quot;:&quot;0&quot;,&quot;iso&quot;:&quot;0&quot;,&quot;shutter_speed&quot;:&quot;0&quot;,&quot;title&quot;:&quot;&quot;,&quot;orientation&quot;:&quot;0&quot;}\" data-image-title=\"40614712_2095310017399797_6041019759800090624_n_LI\" data-image-description=\"\" data-image-caption=\"\" data-large-file=\"https:\/\/eldiariodesanpedro.com.ar\/sitio\/wp-content\/uploads\/2018\/09\/40614712_2095310017399797_6041019759800090624_n_LI-e1536077545956.jpg\" class=\"alignnone wp-image-39579 size-full lazyload\" data-src=\"https:\/\/eldiariodesanpedro.com.ar\/sitio\/wp-content\/uploads\/2018\/09\/40614712_2095310017399797_6041019759800090624_n_LI-e1536077545956.jpg\" alt=\"\" width=\"479\" height=\"741\" data-srcset=\"https:\/\/eldiariodesanpedro.com.ar\/sitio\/wp-content\/uploads\/2018\/09\/40614712_2095310017399797_6041019759800090624_n_LI-e1536077545956.jpg 479w, https:\/\/eldiariodesanpedro.com.ar\/sitio\/wp-content\/uploads\/2018\/09\/40614712_2095310017399797_6041019759800090624_n_LI-e1536077545956-194x300.jpg 194w\" data-sizes=\"(max-width: 479px) 100vw, 479px\" src=\"data:image\/svg+xml;base64,PHN2ZyB3aWR0aD0iMSIgaGVpZ2h0PSIxIiB4bWxucz0iaHR0cDovL3d3dy53My5vcmcvMjAwMC9zdmciPjwvc3ZnPg==\" style=\"--smush-placeholder-width: 479px; --smush-placeholder-aspect-ratio: 479\/741;\" \/><\/p>\n","protected":false},"excerpt":{"rendered":"<p>Este lunes alrededor de las 18:30 hs efectivos del grupo GAD y efectivos policiales se hicieron presente en una plaza de nuestra ciudad donde se comenz\u00f3 a reunir un grupo de gente con intensiones de saquear un supermercado de origen chino. Los efectivos se hicieron presentes en la plaza Amistad en la intersecci\u00f3n de la [&hellip;]<\/p>\n","protected":false},"author":4,"featured_media":39578,"comment_status":"open","ping_status":"closed","sticky":false,"template":"","format":"standard","meta":{"om_disable_all_campaigns":false,"_jetpack_memberships_contains_paid_content":false,"footnotes":""},"categories":[50,2,103],"tags":[],"class_list":["post-39577","post","type-post","status-publish","format-standard","has-post-thumbnail","hentry","category-destacadas","category-locales","category-policiales-locales"],"aioseo_notices":[],"gutentor_comment":0,"jetpack_featured_media_url":"https:\/\/eldiariodesanpedro.com.ar\/sitio\/wp-content\/uploads\/2018\/09\/WhatsApp-Image-2018-09-03-at-20.00.48.jpeg","jetpack_shortlink":"https:\/\/wp.me\/p6RhLt-ail","jetpack_sharing_enabled":true,"_links":{"self":[{"href":"https:\/\/eldiariodesanpedro.com.ar\/sitio\/wp-json\/wp\/v2\/posts\/39577","targetHints":{"allow":["GET"]}}],"collection":[{"href":"https:\/\/eldiariodesanpedro.com.ar\/sitio\/wp-json\/wp\/v2\/posts"}],"about":[{"href":"https:\/\/eldiariodesanpedro.com.ar\/sitio\/wp-json\/wp\/v2\/types\/post"}],"author":[{"embeddable":true,"href":"https:\/\/eldiariodesanpedro.com.ar\/sitio\/wp-json\/wp\/v2\/users\/4"}],"replies":[{"embeddable":true,"href":"https:\/\/eldiariodesanpedro.com.ar\/sitio\/wp-json\/wp\/v2\/comments?post=39577"}],"version-history":[{"count":2,"href":"https:\/\/eldiariodesanpedro.com.ar\/sitio\/wp-json\/wp\/v2\/posts\/39577\/revisions"}],"predecessor-version":[{"id":39585,"href":"https:\/\/eldiariodesanpedro.com.ar\/sitio\/wp-json\/wp\/v2\/posts\/39577\/revisions\/39585"}],"wp:featuredmedia":[{"embeddable":true,"href":"https:\/\/eldiariodesanpedro.com.ar\/sitio\/wp-json\/wp\/v2\/media\/39578"}],"wp:attachment":[{"href":"https:\/\/eldiariodesanpedro.com.ar\/sitio\/wp-json\/wp\/v2\/media?parent=39577"}],"wp:term":[{"taxonomy":"category","embeddable":true,"href":"https:\/\/eldiariodesanpedro.com.ar\/sitio\/wp-json\/wp\/v2\/categories?post=39577"},{"taxonomy":"post_tag","embeddable":true,"href":"https:\/\/eldiariodesanpedro.com.ar\/sitio\/wp-json\/wp\/v2\/tags?post=39577"}],"curies":[{"name":"wp","href":"https:\/\/api.w.org\/{rel}","templated":true}]}}