{"id":39563,"date":"2018-09-04T09:52:28","date_gmt":"2018-09-04T12:52:28","guid":{"rendered":"https:\/\/eldiariodesanpedro.com.ar\/sitio\/?p=39563"},"modified":"2018-09-04T09:52:28","modified_gmt":"2018-09-04T12:52:28","slug":"rolando-gamietea-dejo-de-ser-el-director-de-personal-de-la-municipalida","status":"publish","type":"post","link":"https:\/\/eldiariodesanpedro.com.ar\/sitio\/rolando-gamietea-dejo-de-ser-el-director-de-personal-de-la-municipalida\/","title":{"rendered":"Rolando Gamietea dej\u00f3 de ser el Director de Personal de la Municipalida"},"content":{"rendered":"<p><!-- VideographyWP Plugin Message: Automatic video embedding prevented by plugin options. --><br \/>\nEl Intendente tomo la decisi\u00f3n. Hab\u00eda asumido en el cargo en enero de este a\u00f1o. Desde hac\u00eda algunos meses en el ejecutivo ya evaluaban su salida. <\/p>\n<p>Finalmente el Intendente Municipal Cecilio Salazar tom\u00f3 la decisi\u00f3n de pedirle la renuncia a Rolando Gamietea, quien ven\u00eda desempe\u00f1\u00e1ndose como Director de Personal en el \u00faltimo a\u00f1o.<\/p>\n<p>La salida del ex funcionario se efectiviz\u00f3 el \u00faltimo viernes aunque hace varios meses que desde el ejecutivo se evaluaba reemplazando ya que el desempe\u00f1o del ahora ex Director no terminaba de conformarlos. Es m\u00e1s, existieron varias reuniones con una reconocida abogada sampedrina para ponerla en el cargo aunque las tratativas no prosperaron. <\/p>\n<p>Gamietea asumi\u00f3 el cargo el 8 de enero de este a\u00f1o luego de que en diciembre se tomara la medida de apartar del cargo a Augusto Ramos quien pas\u00f3 a cumplir funciones en el Hospital \u00abEmilio Ruffa\u00bb. Por ahora no hay reemplazantes para el ex funcionario pero se eval\u00faan algunos nombres y en las pr\u00f3ximas horas ya lo podr\u00edan dar a conocer.<\/p>\n<p>Fuente: San Pedro Informa <\/p>\n","protected":false},"excerpt":{"rendered":"<p>El Intendente tomo la decisi\u00f3n. Hab\u00eda asumido en el cargo en enero de este a\u00f1o. Desde hac\u00eda algunos meses en el ejecutivo ya evaluaban su salida. Finalmente el Intendente Municipal Cecilio Salazar tom\u00f3 la decisi\u00f3n de pedirle la renuncia a Rolando Gamietea, quien ven\u00eda desempe\u00f1\u00e1ndose como Director de Personal en el \u00faltimo a\u00f1o. La salida [&hellip;]<\/p>\n","protected":false},"author":4,"featured_media":39572,"comment_status":"open","ping_status":"closed","sticky":false,"template":"","format":"standard","meta":{"om_disable_all_campaigns":false,"_jetpack_memberships_contains_paid_content":false,"footnotes":""},"categories":[2,102],"tags":[],"class_list":["post-39563","post","type-post","status-publish","format-standard","has-post-thumbnail","hentry","category-locales","category-politica-locales"],"aioseo_notices":[],"gutentor_comment":0,"jetpack_featured_media_url":"https:\/\/eldiariodesanpedro.com.ar\/sitio\/wp-content\/uploads\/2018\/09\/000071416.jpg","jetpack_shortlink":"https:\/\/wp.me\/p6RhLt-ai7","jetpack_sharing_enabled":true,"_links":{"self":[{"href":"https:\/\/eldiariodesanpedro.com.ar\/sitio\/wp-json\/wp\/v2\/posts\/39563","targetHints":{"allow":["GET"]}}],"collection":[{"href":"https:\/\/eldiariodesanpedro.com.ar\/sitio\/wp-json\/wp\/v2\/posts"}],"about":[{"href":"https:\/\/eldiariodesanpedro.com.ar\/sitio\/wp-json\/wp\/v2\/types\/post"}],"author":[{"embeddable":true,"href":"https:\/\/eldiariodesanpedro.com.ar\/sitio\/wp-json\/wp\/v2\/users\/4"}],"replies":[{"embeddable":true,"href":"https:\/\/eldiariodesanpedro.com.ar\/sitio\/wp-json\/wp\/v2\/comments?post=39563"}],"version-history":[{"count":1,"href":"https:\/\/eldiariodesanpedro.com.ar\/sitio\/wp-json\/wp\/v2\/posts\/39563\/revisions"}],"predecessor-version":[{"id":39573,"href":"https:\/\/eldiariodesanpedro.com.ar\/sitio\/wp-json\/wp\/v2\/posts\/39563\/revisions\/39573"}],"wp:featuredmedia":[{"embeddable":true,"href":"https:\/\/eldiariodesanpedro.com.ar\/sitio\/wp-json\/wp\/v2\/media\/39572"}],"wp:attachment":[{"href":"https:\/\/eldiariodesanpedro.com.ar\/sitio\/wp-json\/wp\/v2\/media?parent=39563"}],"wp:term":[{"taxonomy":"category","embeddable":true,"href":"https:\/\/eldiariodesanpedro.com.ar\/sitio\/wp-json\/wp\/v2\/categories?post=39563"},{"taxonomy":"post_tag","embeddable":true,"href":"https:\/\/eldiariodesanpedro.com.ar\/sitio\/wp-json\/wp\/v2\/tags?post=39563"}],"curies":[{"name":"wp","href":"https:\/\/api.w.org\/{rel}","templated":true}]}}