{"id":39560,"date":"2018-09-04T09:45:16","date_gmt":"2018-09-04T12:45:16","guid":{"rendered":"https:\/\/eldiariodesanpedro.com.ar\/sitio\/?p=39560"},"modified":"2018-09-04T09:45:16","modified_gmt":"2018-09-04T12:45:16","slug":"puntos-de-referencia-en-localidades-y-barrios-de-asistencia-de-la-junta-evaluadora-del-area-discapacidad-para-tramitacion-del-cud-2","status":"publish","type":"post","link":"https:\/\/eldiariodesanpedro.com.ar\/sitio\/puntos-de-referencia-en-localidades-y-barrios-de-asistencia-de-la-junta-evaluadora-del-area-discapacidad-para-tramitacion-del-cud-2\/","title":{"rendered":"Puntos de referencia en localidades y barrios de asistencia de la Junta Evaluadora del \u00e1rea Discapacidad para tramitaci\u00f3n del CUD"},"content":{"rendered":"<p><!-- VideographyWP Plugin Message: Automatic video embedding prevented by plugin options. --><br \/>\nLa Secretar\u00eda de Desarrollo Humano informa los distintos puntos en barrios y localidades que la Junta Evaluadora Municipal del \u00e1rea Discapacidad visitar\u00e1 en el mes de septiembre a fin de facilitarle y acercarle al vecino el tr\u00e1mite del CUD (certificado \u00fanico de discapacidad), pases libre de transporte y otras novedades del \u00e1rea.<\/p>\n","protected":false},"excerpt":{"rendered":"<p>La Secretar\u00eda de Desarrollo Humano informa los distintos puntos en barrios y localidades que la Junta Evaluadora Municipal del \u00e1rea Discapacidad visitar\u00e1 en el mes de septiembre a fin de facilitarle y acercarle al vecino el tr\u00e1mite del CUD (certificado \u00fanico de discapacidad), pases libre de transporte y otras novedades del \u00e1rea.<\/p>\n","protected":false},"author":4,"featured_media":39561,"comment_status":"open","ping_status":"closed","sticky":false,"template":"","format":"standard","meta":{"om_disable_all_campaigns":false,"_jetpack_memberships_contains_paid_content":false,"footnotes":""},"categories":[101,2],"tags":[],"class_list":["post-39560","post","type-post","status-publish","format-standard","has-post-thumbnail","hentry","category-interes-general-locales","category-locales"],"aioseo_notices":[],"gutentor_comment":0,"jetpack_featured_media_url":"https:\/\/eldiariodesanpedro.com.ar\/sitio\/wp-content\/uploads\/2018\/09\/Sin-t\u00edtulo-1.png","jetpack_shortlink":"https:\/\/wp.me\/p6RhLt-ai4","jetpack_sharing_enabled":true,"_links":{"self":[{"href":"https:\/\/eldiariodesanpedro.com.ar\/sitio\/wp-json\/wp\/v2\/posts\/39560","targetHints":{"allow":["GET"]}}],"collection":[{"href":"https:\/\/eldiariodesanpedro.com.ar\/sitio\/wp-json\/wp\/v2\/posts"}],"about":[{"href":"https:\/\/eldiariodesanpedro.com.ar\/sitio\/wp-json\/wp\/v2\/types\/post"}],"author":[{"embeddable":true,"href":"https:\/\/eldiariodesanpedro.com.ar\/sitio\/wp-json\/wp\/v2\/users\/4"}],"replies":[{"embeddable":true,"href":"https:\/\/eldiariodesanpedro.com.ar\/sitio\/wp-json\/wp\/v2\/comments?post=39560"}],"version-history":[{"count":1,"href":"https:\/\/eldiariodesanpedro.com.ar\/sitio\/wp-json\/wp\/v2\/posts\/39560\/revisions"}],"predecessor-version":[{"id":39562,"href":"https:\/\/eldiariodesanpedro.com.ar\/sitio\/wp-json\/wp\/v2\/posts\/39560\/revisions\/39562"}],"wp:featuredmedia":[{"embeddable":true,"href":"https:\/\/eldiariodesanpedro.com.ar\/sitio\/wp-json\/wp\/v2\/media\/39561"}],"wp:attachment":[{"href":"https:\/\/eldiariodesanpedro.com.ar\/sitio\/wp-json\/wp\/v2\/media?parent=39560"}],"wp:term":[{"taxonomy":"category","embeddable":true,"href":"https:\/\/eldiariodesanpedro.com.ar\/sitio\/wp-json\/wp\/v2\/categories?post=39560"},{"taxonomy":"post_tag","embeddable":true,"href":"https:\/\/eldiariodesanpedro.com.ar\/sitio\/wp-json\/wp\/v2\/tags?post=39560"}],"curies":[{"name":"wp","href":"https:\/\/api.w.org\/{rel}","templated":true}]}}