{"id":39557,"date":"2018-09-04T09:13:05","date_gmt":"2018-09-04T12:13:05","guid":{"rendered":"https:\/\/eldiariodesanpedro.com.ar\/sitio\/?p=39557"},"modified":"2018-09-04T09:13:05","modified_gmt":"2018-09-04T12:13:05","slug":"se-aprehendio-a-un-hombre-con-pedido-de-captura-activo","status":"publish","type":"post","link":"https:\/\/eldiariodesanpedro.com.ar\/sitio\/se-aprehendio-a-un-hombre-con-pedido-de-captura-activo\/","title":{"rendered":"Se aprehendi\u00f3 a un hombre con pedido de captura activo"},"content":{"rendered":"<p><!-- VideographyWP Plugin Message: Automatic video embedding prevented by plugin options. --><br \/>\nPersonal policial del Departamento de Gobernador Castro, en la intersecci\u00f3n de las de las Calle San Mart\u00edn y Tucum\u00e1n de esa Localidad, procede tras Operativo Din\u00e1mico, a la identificaci\u00f3n de un joven de 25 a\u00f1os de edad, quien registra pedido de captura activo en causa caratulada \u201ctentativa por robo agravado &#8211; lesiones leves\u00bb, con intervenci\u00f3n del Tribunal Criminal N\u00ba 1 Depto. Judicial San Nicol\u00e1s.<\/p>\n","protected":false},"excerpt":{"rendered":"<p>Personal policial del Departamento de Gobernador Castro, en la intersecci\u00f3n de las de las Calle San Mart\u00edn y Tucum\u00e1n de esa Localidad, procede tras Operativo Din\u00e1mico, a la identificaci\u00f3n de un joven de 25 a\u00f1os de edad, quien registra pedido de captura activo en causa caratulada \u201ctentativa por robo agravado &#8211; lesiones leves\u00bb, con intervenci\u00f3n [&hellip;]<\/p>\n","protected":false},"author":4,"featured_media":30195,"comment_status":"open","ping_status":"closed","sticky":false,"template":"","format":"standard","meta":{"om_disable_all_campaigns":false,"_jetpack_memberships_contains_paid_content":false,"footnotes":""},"categories":[2,103],"tags":[],"class_list":["post-39557","post","type-post","status-publish","format-standard","has-post-thumbnail","hentry","category-locales","category-policiales-locales"],"aioseo_notices":[],"gutentor_comment":0,"jetpack_featured_media_url":"https:\/\/eldiariodesanpedro.com.ar\/sitio\/wp-content\/uploads\/2018\/03\/Aprehendido-y-ofuscado.jpg","jetpack_shortlink":"https:\/\/wp.me\/p6RhLt-ai1","jetpack_sharing_enabled":true,"_links":{"self":[{"href":"https:\/\/eldiariodesanpedro.com.ar\/sitio\/wp-json\/wp\/v2\/posts\/39557","targetHints":{"allow":["GET"]}}],"collection":[{"href":"https:\/\/eldiariodesanpedro.com.ar\/sitio\/wp-json\/wp\/v2\/posts"}],"about":[{"href":"https:\/\/eldiariodesanpedro.com.ar\/sitio\/wp-json\/wp\/v2\/types\/post"}],"author":[{"embeddable":true,"href":"https:\/\/eldiariodesanpedro.com.ar\/sitio\/wp-json\/wp\/v2\/users\/4"}],"replies":[{"embeddable":true,"href":"https:\/\/eldiariodesanpedro.com.ar\/sitio\/wp-json\/wp\/v2\/comments?post=39557"}],"version-history":[{"count":1,"href":"https:\/\/eldiariodesanpedro.com.ar\/sitio\/wp-json\/wp\/v2\/posts\/39557\/revisions"}],"predecessor-version":[{"id":39558,"href":"https:\/\/eldiariodesanpedro.com.ar\/sitio\/wp-json\/wp\/v2\/posts\/39557\/revisions\/39558"}],"wp:featuredmedia":[{"embeddable":true,"href":"https:\/\/eldiariodesanpedro.com.ar\/sitio\/wp-json\/wp\/v2\/media\/30195"}],"wp:attachment":[{"href":"https:\/\/eldiariodesanpedro.com.ar\/sitio\/wp-json\/wp\/v2\/media?parent=39557"}],"wp:term":[{"taxonomy":"category","embeddable":true,"href":"https:\/\/eldiariodesanpedro.com.ar\/sitio\/wp-json\/wp\/v2\/categories?post=39557"},{"taxonomy":"post_tag","embeddable":true,"href":"https:\/\/eldiariodesanpedro.com.ar\/sitio\/wp-json\/wp\/v2\/tags?post=39557"}],"curies":[{"name":"wp","href":"https:\/\/api.w.org\/{rel}","templated":true}]}}