{"id":39543,"date":"2018-09-03T20:41:57","date_gmt":"2018-09-03T23:41:57","guid":{"rendered":"https:\/\/eldiariodesanpedro.com.ar\/sitio\/?p=39543"},"modified":"2026-01-24T00:11:06","modified_gmt":"2026-01-24T03:11:06","slug":"divisiones-inferiores-resultados-3ra-fecha","status":"publish","type":"post","link":"https:\/\/eldiariodesanpedro.com.ar\/sitio\/divisiones-inferiores-resultados-3ra-fecha\/","title":{"rendered":"DIVISIONES INFERIORES: Resultados, 3ra fecha"},"content":{"rendered":"<p><!-- VideographyWP Plugin Message: Automatic video embedding prevented by plugin options. --><br \/>\nParan\u00e1 FC &#8211; Agricultores Club<br \/>\n(Quinta: 15-0\/Cuarta: 3-0\/Tercera: 0-2\/Sub 21:1-1)<\/p>\n<p>Sportivo &#8211; Am\u00e9rica<br \/>\n(Quinta: 7-1\/Cuarta: 2-1\/Tercera: 1-0\/Sub 21: 2-1)<\/p>\n<p>Dep. Alsina &#8211; Rivadavia<br \/>\n(Quinta: 0-9\/Cuarta: 0-12\/Tercera: 0-1\/Sub 21: 2-1)<\/p>\n<p>Atl\u00e9tico &#8211; Independencia FC<br \/>\n(Quinta: 0-5\/Cuarta: 2-0\/Tercera: 1-0\/Sub 21: 2-2)<\/p>\n<p>Def. Unidos -San Roque FC<br \/>\n(Quinta: 2-3\/Cuarta: 1-0\/Tercera: 0-0\/Sub 21: 2-3)<\/p>\n<p>Central C\u00f3rdoba &#8211; Gral. San Mart\u00edn<br \/>\n(Quinta: 2-2\/Cuarta: 1-0\/Tercera: 0-3\/Sub 21: 2-2)<\/p>\n<p>La Esperanza &#8211; Banfield &#8211; Se jug\u00f3 el 18\/08<br \/>\n(Quinta: 0-0\/Cuarta: 5-0\/Tercera: 3-0\/Sub 21: 1-1) <\/p>\n<p>Mitre &#8211; Las Palmeras \u2013 Se jug\u00f3 el 18\/08)<br \/>\n(Quinta: 3-0\/Cuarta: 5-0\/Tercera: 0-0\/Sub 21: 4-0)<\/p>\n<p>I. Portela -Fundici\u00f3n FC \u2013 Se jug\u00f3 el 20\/08<br \/>\n(Quinta: 0-7\/Cuarta: 0-4\/Tercera: 0-1\/Sub 21: 1-0)<\/p>\n<p><strong>Posiciones<\/strong><\/p>\n<p><strong>Quinta<\/strong><br \/>\n<em>Zona A:<\/em> Sportivo 9, Paran\u00e1 9, La Esperanza 7, Banfield 4, C. C\u00f3rdoba 4, Agricultores 3, Portela 3, Fundici\u00f3n 3, Am\u00e9rica 0.<br \/>\n<em>Zona B:<\/em> Rivadavia 9, Independencia 9, G. San Mart\u00edn 7, Mitre 6, San Roque 3, Atl\u00e9tico 3, Def. Unidos 0, Alsina 0, Las Palmeras 0.<\/p>\n<p><strong>Cuarta<\/strong><br \/>\n<em>Zona A:<\/em> Sportivo 9, Paran\u00e1 9, La Esperanza 6, Agricultores 6, Fundici\u00f3n 6, C. C\u00f3rdoba 6, Portela 3, Am\u00e9rica 0, Banfield 0.<br \/>\n<em>Zona B:<\/em> Mitre 9, Def. Unidos 9, Atl\u00e9tico 7, Rivadavia 4, Las Palmeras 3, G. San Mart\u00edn 1, San Roque 1, Alsina 0, Independencia 0.<\/p>\n<p><strong>Tercera<\/strong><br \/>\n<em>Zona A:<\/em> Sportivo 9, Agricultores 9, Fundici\u00f3n 6, Am\u00e9rica 4, Paran\u00e1 4, C. C\u00f3rdoba 3, La Esperanza 3, Banfield 0 y Portela 0.<br \/>\n<em>Zona B:<\/em> G. San Mart\u00edn 9, Independencia 6, Atl\u00e9tico 7, Def. Unidos 4, Rivadavia 4, Alsina 3, Mitre 2, San Roque 2, Las Palmeras 1.<\/p>\n<p><strong>Sub 21<\/strong><br \/>\n<em>Zona A:<\/em> Portela 9, La Esperanza 7, Banfield 7, Agricultores 7, Sportivo 6, Paran\u00e1 4, C. C\u00f3rdoba 1, Am\u00e9rica 0, Fundici\u00f3n 0.<br \/>\n<em>Zona B:<\/em> Mitre 6, Independencia 5, San Mart\u00edn 5, Def. Unidos 4, Atl\u00e9tico 4, San Roque 4, Rivadavia 3, Alsina 3, Las Palmeras 0.<\/p>\n<p><strong>Primera divisi\u00f3n &#8211; Torneo Clausura Anual Clasificatorio \u201cBeto Manresa-Rubito L\u00f3pez\u201d<\/strong><br \/>\n<img decoding=\"async\" data-attachment-id=\"39544\" data-permalink=\"https:\/\/eldiariodesanpedro.com.ar\/sitio\/divisiones-inferiores-resultados-3ra-fecha\/info-04-09-18-tabla-primera-division-torneo-clausura-anual-clasificatorio\/\" data-orig-file=\"https:\/\/eldiariodesanpedro.com.ar\/sitio\/wp-content\/uploads\/2018\/09\/INFO-04-09-18-tabla-Primera-divisi\u00f3n-Torneo-Clausura-Anual-Clasificatorio.jpg\" data-orig-size=\"1647,1197\" data-comments-opened=\"1\" data-image-meta=\"{&quot;aperture&quot;:&quot;0&quot;,&quot;credit&quot;:&quot;Fernando Bettendorff&quot;,&quot;camera&quot;:&quot;&quot;,&quot;caption&quot;:&quot;&quot;,&quot;created_timestamp&quot;:&quot;1536002362&quot;,&quot;copyright&quot;:&quot;&quot;,&quot;focal_length&quot;:&quot;0&quot;,&quot;iso&quot;:&quot;0&quot;,&quot;shutter_speed&quot;:&quot;0&quot;,&quot;title&quot;:&quot;&quot;,&quot;orientation&quot;:&quot;0&quot;}\" data-image-title=\"INFO 04-09-18 tabla Primera divisi\u00f3n &amp;#8211; Torneo Clausura Anual Clasificatorio\" data-image-description=\"\" data-image-caption=\"\" data-large-file=\"https:\/\/eldiariodesanpedro.com.ar\/sitio\/wp-content\/uploads\/2018\/09\/INFO-04-09-18-tabla-Primera-divisi\u00f3n-Torneo-Clausura-Anual-Clasificatorio-1024x744.jpg\" data-src=\"https:\/\/eldiariodesanpedro.com.ar\/sitio\/wp-content\/uploads\/2018\/09\/INFO-04-09-18-tabla-Primera-divisi\u00f3n-Torneo-Clausura-Anual-Clasificatorio-1024x744.jpg\" alt=\"\" width=\"660\" height=\"480\" class=\"alignnone size-large wp-image-39544 lazyload\" data-srcset=\"https:\/\/eldiariodesanpedro.com.ar\/sitio\/wp-content\/uploads\/2018\/09\/INFO-04-09-18-tabla-Primera-divisi\u00f3n-Torneo-Clausura-Anual-Clasificatorio-1024x744.jpg 1024w, https:\/\/eldiariodesanpedro.com.ar\/sitio\/wp-content\/uploads\/2018\/09\/INFO-04-09-18-tabla-Primera-divisi\u00f3n-Torneo-Clausura-Anual-Clasificatorio-300x218.jpg 300w, https:\/\/eldiariodesanpedro.com.ar\/sitio\/wp-content\/uploads\/2018\/09\/INFO-04-09-18-tabla-Primera-divisi\u00f3n-Torneo-Clausura-Anual-Clasificatorio-768x558.jpg 768w, https:\/\/eldiariodesanpedro.com.ar\/sitio\/wp-content\/uploads\/2018\/09\/INFO-04-09-18-tabla-Primera-divisi\u00f3n-Torneo-Clausura-Anual-Clasificatorio.jpg 1647w\" data-sizes=\"(max-width: 660px) 100vw, 660px\" src=\"data:image\/svg+xml;base64,PHN2ZyB3aWR0aD0iMSIgaGVpZ2h0PSIxIiB4bWxucz0iaHR0cDovL3d3dy53My5vcmcvMjAwMC9zdmciPjwvc3ZnPg==\" style=\"--smush-placeholder-width: 660px; --smush-placeholder-aspect-ratio: 660\/480;\" \/><\/p>\n<p><strong>Tabla general (Apertura-Clausura 2018)<\/strong><\/p>\n<p>Mitre 31 (25\/6)+19<br \/>\nSportivo 29 (38\/8)+30<br \/>\nLa Esperanza 28 (33\/13)+20<br \/>\nSan Mart\u00edn 27 (24\/17)+7<br \/>\nParan\u00e1 FC 24 (28\/12)+16<br \/>\nAtl\u00e9tico 24 (27\/13)+14<br \/>\nBanfield 23 (21\/15)+6<br \/>\nLas Palmeras 22 (17\/11)+6<br \/>\nCentral C\u00f3rdoba 19 (25\/21) +4<br \/>\nAlsina 17 (31\/22) +9<br \/>\nIndependencia FC 13 (18\/21) -3<br \/>\nDef. Unidos 13 (16\/20) -4<br \/>\nRivadavia 12 (7\/18) -11<br \/>\nAgricultores Club 10 (13\/23) -10<br \/>\nIreneo Portela 8 (12\/27)-15<br \/>\nAm\u00e9rica 6 (10\/25)-15<br \/>\nFundici\u00f3n FC 3 (3\/46) -43<br \/>\nSan Roque FC 1 (6\/42) \u2013 36<\/p>\n<p><strong>Pr\u00f3xima fecha (4\u00b0)<\/strong><br \/>\n<em>Zona A\t<\/em><br \/>\nAm\u00e9rica vs. I. Portela<br \/>\nBanfield vs. Sportivo<br \/>\nAgricultores vs. La Esperanza<br \/>\nC. C\u00f3rdoba vs. Paran\u00e1 FC<\/p>\n<p><em>Zona B<\/em><br \/>\nIndependencia vs. Dep. Alsina<br \/>\nSan Roque FC vs. Atl\u00e9tico<br \/>\nLas Palmeras vs. Def. Unidos<br \/>\nG. San Mart\u00edn vs. Mitre<\/p>\n<p><em>Interzonal<\/em><br \/>\nFundici\u00f3n FC vs. Rivadavia<\/p>\n","protected":false},"excerpt":{"rendered":"<p>Paran\u00e1 FC &#8211; Agricultores Club (Quinta: 15-0\/Cuarta: 3-0\/Tercera: 0-2\/Sub 21:1-1) Sportivo &#8211; Am\u00e9rica (Quinta: 7-1\/Cuarta: 2-1\/Tercera: 1-0\/Sub 21: 2-1) Dep. Alsina &#8211; Rivadavia (Quinta: 0-9\/Cuarta: 0-12\/Tercera: 0-1\/Sub 21: 2-1) Atl\u00e9tico &#8211; Independencia FC (Quinta: 0-5\/Cuarta: 2-0\/Tercera: 1-0\/Sub 21: 2-2) Def. Unidos -San Roque FC (Quinta: 2-3\/Cuarta: 1-0\/Tercera: 0-0\/Sub 21: 2-3) Central C\u00f3rdoba &#8211; Gral. San [&hellip;]<\/p>\n","protected":false},"author":4,"featured_media":39547,"comment_status":"open","ping_status":"closed","sticky":false,"template":"","format":"standard","meta":{"om_disable_all_campaigns":false,"_jetpack_memberships_contains_paid_content":false,"footnotes":""},"categories":[5],"tags":[],"class_list":["post-39543","post","type-post","status-publish","format-standard","has-post-thumbnail","hentry","category-deportes"],"aioseo_notices":[],"gutentor_comment":0,"jetpack_featured_media_url":"https:\/\/eldiariodesanpedro.com.ar\/sitio\/wp-content\/uploads\/2018\/09\/Leonardi-Grassi.jpg","jetpack_shortlink":"https:\/\/wp.me\/p6RhLt-ahN","jetpack_sharing_enabled":true,"_links":{"self":[{"href":"https:\/\/eldiariodesanpedro.com.ar\/sitio\/wp-json\/wp\/v2\/posts\/39543","targetHints":{"allow":["GET"]}}],"collection":[{"href":"https:\/\/eldiariodesanpedro.com.ar\/sitio\/wp-json\/wp\/v2\/posts"}],"about":[{"href":"https:\/\/eldiariodesanpedro.com.ar\/sitio\/wp-json\/wp\/v2\/types\/post"}],"author":[{"embeddable":true,"href":"https:\/\/eldiariodesanpedro.com.ar\/sitio\/wp-json\/wp\/v2\/users\/4"}],"replies":[{"embeddable":true,"href":"https:\/\/eldiariodesanpedro.com.ar\/sitio\/wp-json\/wp\/v2\/comments?post=39543"}],"version-history":[{"count":1,"href":"https:\/\/eldiariodesanpedro.com.ar\/sitio\/wp-json\/wp\/v2\/posts\/39543\/revisions"}],"predecessor-version":[{"id":39549,"href":"https:\/\/eldiariodesanpedro.com.ar\/sitio\/wp-json\/wp\/v2\/posts\/39543\/revisions\/39549"}],"wp:featuredmedia":[{"embeddable":true,"href":"https:\/\/eldiariodesanpedro.com.ar\/sitio\/wp-json\/wp\/v2\/media\/39547"}],"wp:attachment":[{"href":"https:\/\/eldiariodesanpedro.com.ar\/sitio\/wp-json\/wp\/v2\/media?parent=39543"}],"wp:term":[{"taxonomy":"category","embeddable":true,"href":"https:\/\/eldiariodesanpedro.com.ar\/sitio\/wp-json\/wp\/v2\/categories?post=39543"},{"taxonomy":"post_tag","embeddable":true,"href":"https:\/\/eldiariodesanpedro.com.ar\/sitio\/wp-json\/wp\/v2\/tags?post=39543"}],"curies":[{"name":"wp","href":"https:\/\/api.w.org\/{rel}","templated":true}]}}