{"id":39540,"date":"2018-09-03T20:36:56","date_gmt":"2018-09-03T23:36:56","guid":{"rendered":"https:\/\/eldiariodesanpedro.com.ar\/sitio\/?p=39540"},"modified":"2018-09-03T20:36:56","modified_gmt":"2018-09-03T23:36:56","slug":"anses-informa-las-fechas-de-cobro-de-los-proximos-3-meses","status":"publish","type":"post","link":"https:\/\/eldiariodesanpedro.com.ar\/sitio\/anses-informa-las-fechas-de-cobro-de-los-proximos-3-meses\/","title":{"rendered":"ANSES informa las fechas de cobro de los pr\u00f3ximos 3 meses"},"content":{"rendered":"<p><!-- VideographyWP Plugin Message: Automatic video embedding prevented by plugin options. --><br \/>\n  En la secci\u00f3n Accesos R\u00e1pidos, opci\u00f3n Calendario de pagos de la pantalla principal de su sitio web, www.anses.gob.ar, ANSES publica de manera anticipada el cronograma de cobro correspondiente a septiembre, octubre y noviembre de 2018, cuyos haberes tendr\u00e1n un aumento del 6,68%, seg\u00fan la Ley de Movilidad.<\/p>\n<p>  De esta manera, los beneficiarios de jubilaciones, pensiones, Pensiones No Contributivas, Asignaci\u00f3n Universal por Hijo y por Embarazo, Prestaci\u00f3n por Desempleo y Asignaciones Familiares y de Pago \u00danico (Matrimonio, Nacimiento y Adopci\u00f3n) tienen la posibilidad de agendarlos y tenerlos a mano para una consulta anticipada y m\u00e1s r\u00e1pida.<br \/>\n  Los calendarios estar\u00e1n disponibles, adem\u00e1s, en las delegaciones de ANSES y sus redes sociales: Facebook (www.facebook.com\/ansesgob), Twitter (@ansesgob) y Flickr (www.flickr.com\/photos\/ansesgob).<\/p>\n<p><strong>Grupo de pago para ma\u00f1ana<\/strong><br \/>\nTitulares de Pensiones No Contributivas cuyos documentos terminan en 2 y 3.<\/p>\n","protected":false},"excerpt":{"rendered":"<p>En la secci\u00f3n Accesos R\u00e1pidos, opci\u00f3n Calendario de pagos de la pantalla principal de su sitio web, www.anses.gob.ar, ANSES publica de manera anticipada el cronograma de cobro correspondiente a septiembre, octubre y noviembre de 2018, cuyos haberes tendr\u00e1n un aumento del 6,68%, seg\u00fan la Ley de Movilidad. De esta manera, los beneficiarios de jubilaciones, pensiones, [&hellip;]<\/p>\n","protected":false},"author":4,"featured_media":5359,"comment_status":"open","ping_status":"closed","sticky":false,"template":"","format":"standard","meta":{"om_disable_all_campaigns":false,"_jetpack_memberships_contains_paid_content":false,"footnotes":""},"categories":[101,2],"tags":[],"class_list":["post-39540","post","type-post","status-publish","format-standard","has-post-thumbnail","hentry","category-interes-general-locales","category-locales"],"aioseo_notices":[],"gutentor_comment":0,"jetpack_featured_media_url":"https:\/\/eldiariodesanpedro.com.ar\/sitio\/wp-content\/uploads\/2016\/06\/anses.jpg","jetpack_shortlink":"https:\/\/wp.me\/p6RhLt-ahK","jetpack_sharing_enabled":true,"_links":{"self":[{"href":"https:\/\/eldiariodesanpedro.com.ar\/sitio\/wp-json\/wp\/v2\/posts\/39540","targetHints":{"allow":["GET"]}}],"collection":[{"href":"https:\/\/eldiariodesanpedro.com.ar\/sitio\/wp-json\/wp\/v2\/posts"}],"about":[{"href":"https:\/\/eldiariodesanpedro.com.ar\/sitio\/wp-json\/wp\/v2\/types\/post"}],"author":[{"embeddable":true,"href":"https:\/\/eldiariodesanpedro.com.ar\/sitio\/wp-json\/wp\/v2\/users\/4"}],"replies":[{"embeddable":true,"href":"https:\/\/eldiariodesanpedro.com.ar\/sitio\/wp-json\/wp\/v2\/comments?post=39540"}],"version-history":[{"count":2,"href":"https:\/\/eldiariodesanpedro.com.ar\/sitio\/wp-json\/wp\/v2\/posts\/39540\/revisions"}],"predecessor-version":[{"id":39545,"href":"https:\/\/eldiariodesanpedro.com.ar\/sitio\/wp-json\/wp\/v2\/posts\/39540\/revisions\/39545"}],"wp:featuredmedia":[{"embeddable":true,"href":"https:\/\/eldiariodesanpedro.com.ar\/sitio\/wp-json\/wp\/v2\/media\/5359"}],"wp:attachment":[{"href":"https:\/\/eldiariodesanpedro.com.ar\/sitio\/wp-json\/wp\/v2\/media?parent=39540"}],"wp:term":[{"taxonomy":"category","embeddable":true,"href":"https:\/\/eldiariodesanpedro.com.ar\/sitio\/wp-json\/wp\/v2\/categories?post=39540"},{"taxonomy":"post_tag","embeddable":true,"href":"https:\/\/eldiariodesanpedro.com.ar\/sitio\/wp-json\/wp\/v2\/tags?post=39540"}],"curies":[{"name":"wp","href":"https:\/\/api.w.org\/{rel}","templated":true}]}}