{"id":39536,"date":"2018-09-03T17:58:05","date_gmt":"2018-09-03T20:58:05","guid":{"rendered":"https:\/\/eldiariodesanpedro.com.ar\/sitio\/?p=39536"},"modified":"2018-09-03T17:58:05","modified_gmt":"2018-09-03T20:58:05","slug":"este-fin-de-semana-la-3o-edicion-del-festival-del-aire","status":"publish","type":"post","link":"https:\/\/eldiariodesanpedro.com.ar\/sitio\/este-fin-de-semana-la-3o-edicion-del-festival-del-aire\/","title":{"rendered":"Este fin de semana la 3\u00ba edici\u00f3n del Festival del Aire"},"content":{"rendered":"<p><!-- VideographyWP Plugin Message: Automatic video embedding prevented by plugin options. --><br \/>\nEn la Casona de la Direcci\u00f3n de Turismo se present\u00f3 este lunes la 3\u00ba edici\u00f3n de este encuentro que renueva una invitaci\u00f3n para sampedrinos y turistas en el Aeroclub de San Pedro.<br \/>\nLa organizaci\u00f3n compartida por la agrupaci\u00f3n baraderense Cuatro Caminos y la Direcci\u00f3n de Turismo vuelve a ofrecer dos jornadas de atracciones diversas, con la posibilidad \u00fanica de disfrutar de experiencias relacionadas con la aeronavegaci\u00f3n con parapentes, paramotor y globos aerost\u00e1ticos. <\/p>\n<p>La entrada ser\u00e1 un alimento no perecedero y adem\u00e1s de la agenda de demostraciones y exhibiciones se han dispuesto juegos, carribares y entretenimientos que estar\u00e1n disponibles para toda la familia.<\/p>\n<p>Los participantes comenzar\u00e1n a llegar el viernes y la primera reuni\u00f3n ser\u00e1 el s\u00e1bado a las 8.30 de la ma\u00f1ana y desde entonces est\u00e1n previstas las siguientes actividades para la jornada inaugural, algunas de las cuales se repetir\u00e1n el domingo. La agenda completa se dar\u00e1 a conocer en los pr\u00f3ximos d\u00edas pero se destacan entre otras las siguientes:<\/p>\n<p>El s\u00e1bado entre  las 10 y las 11 (dependiendo de las condiciones clim\u00e1ticas despegue<br \/>\nhac\u00eda la primer Mega Vuelta Ol\u00edmpica del Aire 2018. Posteriormente desde las 11 se propondr\u00e1  una cl\u00ednica de vuelo t\u00e9rmico con Michel Guillemot referente m\u00e1ximo de la especialidad. Posteriormente y dependiendo de las condiciones climatol\u00f3gica, vuelo t\u00e9rmico dirigido por radio.<\/p>\n<p>A las 14,  se ofrecer\u00e1 un taller de porcelana fr\u00eda para ni\u00f1os, alusiva al deporte a cargo de la Profesora Mar\u00eda de los Angeles Oilher.<br \/>\nA las 15.30 har\u00e1 su primera participaci\u00f3n Blackie de la Biela con un show para ni\u00f1os y sobre el atardecer presentar\u00e1 un show para toda la familia.<br \/>\nDesde las 17 se brindar\u00e1 un show acrob\u00e1tico, luego una competencia de precisi\u00f3n y a las 18 una competencia de inflado.<\/p>\n<p>El domingo se presentar\u00e1 una agenda similar que incluir\u00e1 el show infantil de la agrupaci\u00f3n Ojitos de Agua.<br \/>\nEn la presentaci\u00f3n estuvieron adem\u00e1s de la Directora de Turismo, Licenciada Marcela Cu\u00f1er, estuvieron Mauricio Naya y Fabi\u00e1n Valens representantes de la organizaci\u00f3n que adelantaron la presentaci\u00f3n del proyecto Vuelo Semilla destinado a brindar en forma gratuita vuelos de bautismo a personas con capacidades diferentes creado por la piloto francesa Olivia Wattine responsable de la Fundaci\u00f3n We Wheel Rock You.<\/p>\n<p>Est\u00e1n dadas las condiciones para que se vuelva a vivir una gran fiesta que comienza a convertirse en tradicional en el calendario local y nacional.<br \/>\nPara obtener m\u00e1s informaci\u00f3n sobre este gran evento se puede ingresar a las p\u00e1ginas de redes sociales de la Direcci\u00f3n de Turismo y de Cuatro Caminos.<\/p>\n","protected":false},"excerpt":{"rendered":"<p>En la Casona de la Direcci\u00f3n de Turismo se present\u00f3 este lunes la 3\u00ba edici\u00f3n de este encuentro que renueva una invitaci\u00f3n para sampedrinos y turistas en el Aeroclub de San Pedro. La organizaci\u00f3n compartida por la agrupaci\u00f3n baraderense Cuatro Caminos y la Direcci\u00f3n de Turismo vuelve a ofrecer dos jornadas de atracciones diversas, con [&hellip;]<\/p>\n","protected":false},"author":4,"featured_media":39537,"comment_status":"open","ping_status":"closed","sticky":false,"template":"","format":"standard","meta":{"om_disable_all_campaigns":false,"_jetpack_memberships_contains_paid_content":false,"footnotes":""},"categories":[101,2],"tags":[],"class_list":["post-39536","post","type-post","status-publish","format-standard","has-post-thumbnail","hentry","category-interes-general-locales","category-locales"],"aioseo_notices":[],"gutentor_comment":0,"jetpack_featured_media_url":"https:\/\/eldiariodesanpedro.com.ar\/sitio\/wp-content\/uploads\/2018\/09\/Festival-del-aire-04.png","jetpack_shortlink":"https:\/\/wp.me\/p6RhLt-ahG","jetpack_sharing_enabled":true,"_links":{"self":[{"href":"https:\/\/eldiariodesanpedro.com.ar\/sitio\/wp-json\/wp\/v2\/posts\/39536","targetHints":{"allow":["GET"]}}],"collection":[{"href":"https:\/\/eldiariodesanpedro.com.ar\/sitio\/wp-json\/wp\/v2\/posts"}],"about":[{"href":"https:\/\/eldiariodesanpedro.com.ar\/sitio\/wp-json\/wp\/v2\/types\/post"}],"author":[{"embeddable":true,"href":"https:\/\/eldiariodesanpedro.com.ar\/sitio\/wp-json\/wp\/v2\/users\/4"}],"replies":[{"embeddable":true,"href":"https:\/\/eldiariodesanpedro.com.ar\/sitio\/wp-json\/wp\/v2\/comments?post=39536"}],"version-history":[{"count":1,"href":"https:\/\/eldiariodesanpedro.com.ar\/sitio\/wp-json\/wp\/v2\/posts\/39536\/revisions"}],"predecessor-version":[{"id":39538,"href":"https:\/\/eldiariodesanpedro.com.ar\/sitio\/wp-json\/wp\/v2\/posts\/39536\/revisions\/39538"}],"wp:featuredmedia":[{"embeddable":true,"href":"https:\/\/eldiariodesanpedro.com.ar\/sitio\/wp-json\/wp\/v2\/media\/39537"}],"wp:attachment":[{"href":"https:\/\/eldiariodesanpedro.com.ar\/sitio\/wp-json\/wp\/v2\/media?parent=39536"}],"wp:term":[{"taxonomy":"category","embeddable":true,"href":"https:\/\/eldiariodesanpedro.com.ar\/sitio\/wp-json\/wp\/v2\/categories?post=39536"},{"taxonomy":"post_tag","embeddable":true,"href":"https:\/\/eldiariodesanpedro.com.ar\/sitio\/wp-json\/wp\/v2\/tags?post=39536"}],"curies":[{"name":"wp","href":"https:\/\/api.w.org\/{rel}","templated":true}]}}