{"id":39530,"date":"2018-09-03T17:51:08","date_gmt":"2018-09-03T20:51:08","guid":{"rendered":"https:\/\/eldiariodesanpedro.com.ar\/sitio\/?p=39530"},"modified":"2018-09-03T17:51:08","modified_gmt":"2018-09-03T20:51:08","slug":"trabajos-de-reparaciones-en-vuelta-de-obligado","status":"publish","type":"post","link":"https:\/\/eldiariodesanpedro.com.ar\/sitio\/trabajos-de-reparaciones-en-vuelta-de-obligado\/","title":{"rendered":"Trabajos de reparaciones en Vuelta de Obligado"},"content":{"rendered":"<p><!-- VideographyWP Plugin Message: Automatic video embedding prevented by plugin options. --><br \/>\nLa Municipalidad de San Pedro informa que desde la Secretar\u00eda de Obras Infraestructura y Planeamiento con la colaboraci\u00f3n de la Comisi\u00f3n de Fomento de Vuelta de Obligado se puso en marcha un trabajo conjunto para mejorar las condiciones generales del Centro de Salud de la localidad. <\/p>\n<p>Lamentablemente la situaci\u00f3n no era la mejor, considerando adem\u00e1s que all\u00ed se recibe la primera l\u00ednea de demanda de los vecinos ante situaciones complicadas. La inquietud de los vecinos y el aporte de la Secretaria hicieron posible un cambio notable como se refleja en las im\u00e1genes arreglando techos, mamposter\u00eda y otros sectores que hoy nos permiten trasladar a todos los vecinos la satisfacci\u00f3n de lo realizado. Quedan otras tareas por llevar adelante pero la localidad ya cuenta con un Centro en mejores condiciones para seguir brindando la atenci\u00f3n que los vecinos merecen.<\/p>\n","protected":false},"excerpt":{"rendered":"<p>La Municipalidad de San Pedro informa que desde la Secretar\u00eda de Obras Infraestructura y Planeamiento con la colaboraci\u00f3n de la Comisi\u00f3n de Fomento de Vuelta de Obligado se puso en marcha un trabajo conjunto para mejorar las condiciones generales del Centro de Salud de la localidad. Lamentablemente la situaci\u00f3n no era la mejor, considerando adem\u00e1s [&hellip;]<\/p>\n","protected":false},"author":4,"featured_media":39531,"comment_status":"open","ping_status":"closed","sticky":false,"template":"","format":"standard","meta":{"om_disable_all_campaigns":false,"_jetpack_memberships_contains_paid_content":false,"footnotes":""},"categories":[101,2],"tags":[],"class_list":["post-39530","post","type-post","status-publish","format-standard","has-post-thumbnail","hentry","category-interes-general-locales","category-locales"],"aioseo_notices":[],"gutentor_comment":0,"jetpack_featured_media_url":"https:\/\/eldiariodesanpedro.com.ar\/sitio\/wp-content\/uploads\/2018\/09\/pastedImage.png","jetpack_shortlink":"https:\/\/wp.me\/p6RhLt-ahA","jetpack_sharing_enabled":true,"_links":{"self":[{"href":"https:\/\/eldiariodesanpedro.com.ar\/sitio\/wp-json\/wp\/v2\/posts\/39530","targetHints":{"allow":["GET"]}}],"collection":[{"href":"https:\/\/eldiariodesanpedro.com.ar\/sitio\/wp-json\/wp\/v2\/posts"}],"about":[{"href":"https:\/\/eldiariodesanpedro.com.ar\/sitio\/wp-json\/wp\/v2\/types\/post"}],"author":[{"embeddable":true,"href":"https:\/\/eldiariodesanpedro.com.ar\/sitio\/wp-json\/wp\/v2\/users\/4"}],"replies":[{"embeddable":true,"href":"https:\/\/eldiariodesanpedro.com.ar\/sitio\/wp-json\/wp\/v2\/comments?post=39530"}],"version-history":[{"count":1,"href":"https:\/\/eldiariodesanpedro.com.ar\/sitio\/wp-json\/wp\/v2\/posts\/39530\/revisions"}],"predecessor-version":[{"id":39532,"href":"https:\/\/eldiariodesanpedro.com.ar\/sitio\/wp-json\/wp\/v2\/posts\/39530\/revisions\/39532"}],"wp:featuredmedia":[{"embeddable":true,"href":"https:\/\/eldiariodesanpedro.com.ar\/sitio\/wp-json\/wp\/v2\/media\/39531"}],"wp:attachment":[{"href":"https:\/\/eldiariodesanpedro.com.ar\/sitio\/wp-json\/wp\/v2\/media?parent=39530"}],"wp:term":[{"taxonomy":"category","embeddable":true,"href":"https:\/\/eldiariodesanpedro.com.ar\/sitio\/wp-json\/wp\/v2\/categories?post=39530"},{"taxonomy":"post_tag","embeddable":true,"href":"https:\/\/eldiariodesanpedro.com.ar\/sitio\/wp-json\/wp\/v2\/tags?post=39530"}],"curies":[{"name":"wp","href":"https:\/\/api.w.org\/{rel}","templated":true}]}}