{"id":39527,"date":"2018-09-03T17:35:11","date_gmt":"2018-09-03T20:35:11","guid":{"rendered":"https:\/\/eldiariodesanpedro.com.ar\/sitio\/?p=39527"},"modified":"2018-09-03T17:35:11","modified_gmt":"2018-09-03T20:35:11","slug":"provincia-reclamo-para-que-vuelva-el-tren","status":"publish","type":"post","link":"https:\/\/eldiariodesanpedro.com.ar\/sitio\/provincia-reclamo-para-que-vuelva-el-tren\/","title":{"rendered":"PROVINCIA: Reclamo para \u201cQue vuelva el tren\u201d"},"content":{"rendered":"<p><!-- VideographyWP Plugin Message: Automatic video embedding prevented by plugin options. --><br \/>\nSe llev\u00f3 a cabo el 2do Encuentro de Usuarios y Vecinos del Interior de la Provincia y del Conurbano que vienen reclamando #QueVuelvaElTren.<\/p>\n<p>La actividad tuvo lugar en Chacarita, donde participaron vecinos de Alberti, Chacabuco, Bragado, Carlos Casares, Trenque Lauquen, Pehuajo, Azul, Olavarr\u00eda, San Nicol\u00e1s, Ramallo, San Pedro, Baradero, Z\u00e1rate, San Andr\u00e9s de Giles, San Antonio de Areco, Colon, Pergamino, Chivilcoy y Rojas.<\/p>\n<p>Adem\u00e1s de analizar la situaci\u00f3n general del pa\u00eds y la realidad ferroviaria, surgieron las siguientes iniciativas:<\/p>\n<p>\u2013 19\/09 Jornadas de difusi\u00f3n de la problem\u00e1tica y presentaci\u00f3n en los concejos deliberantes de cada municipio para que se pronuncien a favor de la vuelta del Tren<\/p>\n<p>\u2013 26\/09 Reclamar ante el Ministerio de Transporte.<\/p>\n<p>Fuente: Enlace Critico<\/p>\n","protected":false},"excerpt":{"rendered":"<p>Se llev\u00f3 a cabo el 2do Encuentro de Usuarios y Vecinos del Interior de la Provincia y del Conurbano que vienen reclamando #QueVuelvaElTren. La actividad tuvo lugar en Chacarita, donde participaron vecinos de Alberti, Chacabuco, Bragado, Carlos Casares, Trenque Lauquen, Pehuajo, Azul, Olavarr\u00eda, San Nicol\u00e1s, Ramallo, San Pedro, Baradero, Z\u00e1rate, San Andr\u00e9s de Giles, San [&hellip;]<\/p>\n","protected":false},"author":4,"featured_media":39528,"comment_status":"open","ping_status":"closed","sticky":false,"template":"","format":"standard","meta":{"om_disable_all_campaigns":false,"_jetpack_memberships_contains_paid_content":false,"footnotes":""},"categories":[621],"tags":[],"class_list":["post-39527","post","type-post","status-publish","format-standard","has-post-thumbnail","hentry","category-regionales"],"aioseo_notices":[],"gutentor_comment":0,"jetpack_featured_media_url":"https:\/\/eldiariodesanpedro.com.ar\/sitio\/wp-content\/uploads\/2018\/09\/75d4237a-fcbe-4c12-b8a7-56f5917aaf7d_658x400.jpg","jetpack_shortlink":"https:\/\/wp.me\/p6RhLt-ahx","jetpack_sharing_enabled":true,"_links":{"self":[{"href":"https:\/\/eldiariodesanpedro.com.ar\/sitio\/wp-json\/wp\/v2\/posts\/39527","targetHints":{"allow":["GET"]}}],"collection":[{"href":"https:\/\/eldiariodesanpedro.com.ar\/sitio\/wp-json\/wp\/v2\/posts"}],"about":[{"href":"https:\/\/eldiariodesanpedro.com.ar\/sitio\/wp-json\/wp\/v2\/types\/post"}],"author":[{"embeddable":true,"href":"https:\/\/eldiariodesanpedro.com.ar\/sitio\/wp-json\/wp\/v2\/users\/4"}],"replies":[{"embeddable":true,"href":"https:\/\/eldiariodesanpedro.com.ar\/sitio\/wp-json\/wp\/v2\/comments?post=39527"}],"version-history":[{"count":1,"href":"https:\/\/eldiariodesanpedro.com.ar\/sitio\/wp-json\/wp\/v2\/posts\/39527\/revisions"}],"predecessor-version":[{"id":39529,"href":"https:\/\/eldiariodesanpedro.com.ar\/sitio\/wp-json\/wp\/v2\/posts\/39527\/revisions\/39529"}],"wp:featuredmedia":[{"embeddable":true,"href":"https:\/\/eldiariodesanpedro.com.ar\/sitio\/wp-json\/wp\/v2\/media\/39528"}],"wp:attachment":[{"href":"https:\/\/eldiariodesanpedro.com.ar\/sitio\/wp-json\/wp\/v2\/media?parent=39527"}],"wp:term":[{"taxonomy":"category","embeddable":true,"href":"https:\/\/eldiariodesanpedro.com.ar\/sitio\/wp-json\/wp\/v2\/categories?post=39527"},{"taxonomy":"post_tag","embeddable":true,"href":"https:\/\/eldiariodesanpedro.com.ar\/sitio\/wp-json\/wp\/v2\/tags?post=39527"}],"curies":[{"name":"wp","href":"https:\/\/api.w.org\/{rel}","templated":true}]}}