{"id":39523,"date":"2018-09-03T17:32:34","date_gmt":"2018-09-03T20:32:34","guid":{"rendered":"https:\/\/eldiariodesanpedro.com.ar\/sitio\/?p=39523"},"modified":"2018-09-03T17:32:34","modified_gmt":"2018-09-03T20:32:34","slug":"san-nicolas-crecieron-los-procesos-penales-por-casos-de-violencia-de-genero","status":"publish","type":"post","link":"https:\/\/eldiariodesanpedro.com.ar\/sitio\/san-nicolas-crecieron-los-procesos-penales-por-casos-de-violencia-de-genero\/","title":{"rendered":"SAN NICOL\u00c1S: Crecieron los procesos penales por casos de violencia de g\u00e9nero"},"content":{"rendered":"<p><!-- VideographyWP Plugin Message: Automatic video embedding prevented by plugin options. --><br \/>\nEn 2017 hubo un incremento de 18.561 procesos penales de violencia familiar y de g\u00e9nero respecto del a\u00f1o 2016. El a\u00f1o pasado en el departamento judicial San Nicol\u00e1s hubo 3.465 causas por estos delitos con una 1 v\u00edctima por femicidio.<\/p>\n<p>Seg\u00fan datos del Ministerio P\u00fablico Fiscal de la provincia de Buenos Aires, los casos por violencia de g\u00e9nero y femicidios han ido creciendo en los \u00faltimos a\u00f1os en todo el territorio bonaerense, a juzgar por el aumento en los procesos penales.<\/p>\n<p>Desde hace 3 a\u00f1os la Procuraci\u00f3n General elabora el \u201cInforme de femicidios y procesos penales de violencia familiar y de g\u00e9nero\u201d, que fue declarado de inter\u00e9s por la C\u00e1mara de Diputados el 31 de agosto de 2017.<\/p>\n<p>El informe incluye todas las causas iniciadas por delitos ocurridos en un contexto de violencia familiar y\/o de g\u00e9nero -consignados en el Registro Penal de Violencia Familiar y de G\u00e9nero (REVIFAG)- y todas las investigaciones iniciadas por hechos considerados como femicidios.<\/p>\n<p>Su prop\u00f3sito principal es acercar a la sociedad la problem\u00e1tica de la violencia familiar y de g\u00e9nero en el \u00e1mbito penal, a trav\u00e9s de datos cuantitativos que posibiliten la formulaci\u00f3n de pol\u00edticas p\u00fablicas.<\/p>\n<p>El trabajo procura introducir la perspectiva de g\u00e9nero en la producci\u00f3n y an\u00e1lisis de la informaci\u00f3n criminal, realizando un aporte para contribuir en la erradicaci\u00f3n de toda forma de discriminaci\u00f3n y violencia contra las mujeres, visibilizando la magnitud y caracter\u00edsticas de este grav\u00edsimo delito que preocupa a toda la sociedad y sus instituciones.<\/p>\n<p>El Ministerio P\u00fablico Fiscal de la provincia de Buenos Aires produce informaci\u00f3n estad\u00edstica acerca de los procesos penales de violencia familiar y de g\u00e9nero y procura mejorar la investigaci\u00f3n y persecuci\u00f3n criminal de estos terribles hechos.<\/p>\n<p>Cantidad y calidad<br \/>\nEl informe destaca que a lo largo del a\u00f1o 2017 \u201cse ha logrado incrementar la cantidad y la calidad de los datos recabados respectos de los procesos penales de violencia familiar y de g\u00e9nero\u201d.<\/p>\n<p>En el informe se hace constar que hubo un incremento de 18.561 procesos penales de violencia familiar y de g\u00e9nero respecto del a\u00f1o 2016.<\/p>\n<p>Los procesos penales por violencia familiar y\/o de g\u00e9nero fueron 67.685 en 2015, 95.557 en 2016 y 114.118 en 2017.<\/p>\n<p>En el a\u00f1o 2017 en el departamento judicial San Nicol\u00e1s hubo 3.465 procesos penales.<\/p>\n<p>En los 114.118 procesos penales se cargaron 89.724 v\u00edctimas, de las cuales 66.639 son mujeres y 22.811 hombres (el dato fue registrado en el 99,7% de los casos).<\/p>\n<p>En las causas donde se consignan v\u00edctimas femeninas, la mayor\u00eda de los imputados\/sindicados son de sexo masculino (90,9% de los casos); mientras que cuando la v\u00edctima es un hombre o ni\u00f1o, los imputados\/sindicados son de sexo masculino en el 50,1% de los casos y femenino en el 49,9%.<\/p>\n<p>En los 114.118 procesos penales de violencia familiar y de g\u00e9nero del ReViFaG, se han registrado un total de 115.474 imputados\/sindicados.<\/p>\n<p>De estos, 25.085 son de sexo femenino, 90.031 masculinos, y en 358 no se especific\u00f3 el dato.<\/p>\n<p>Femicidios<br \/>\nEn el a\u00f1o 2017 en la provincia de Buenos Aires, se iniciaron un total de 92 procesos penales por femicidio, algunos de ellos con multiplicidad de v\u00edctimas, por lo que el total ascendi\u00f3 a 98 v\u00edctimas fallecidas.<\/p>\n<p>Se observa que 52 procesos penales (56,5% del total de 92 procesos penales de femicidios) fueron agravados por el inc. 11 del Art. 80 C.P. (Femicidio).<\/p>\n<p>Se destaca que hubo un aumento del 20% en la utilizaci\u00f3n de este agravante, respecto de los procesos penales de femicidios correspondientes al a\u00f1o 2016.<\/p>\n<p>Antes de ser asesinadas sufrieron abuso sexual 9 de las 98 v\u00edctimas, 3 de ellas por parte del padrastro, una por el t\u00edo, otra por la pareja, 3 por conocidos y una por un extra\u00f1o.<\/p>\n<p>De acuerdo a la informaci\u00f3n producida en el marco del relevamiento de homicidios dolosos de la Procuraci\u00f3n General, en el a\u00f1o 2017, el 4,1% de los hombres o ni\u00f1os fueron asesinados producto de un hecho de violencia familiar.<\/p>\n<p>En el departamento judicial San Nicol\u00e1s hubo en el a\u00f1o 2017, seg\u00fan estos datos, 1 v\u00edctima de femicidio.<\/p>\n<p>El total de poblaci\u00f3n femenina en el departamento judicial es de 169.681 personas.<\/p>\n<p>En los departamentos judiciales de Mar del Plata (1,8) y Moreno-Gral. Rodr\u00edguez (1,6) se present\u00f3 la mayor cantidad de mujeres asesinadas cada 100.000.<\/p>\n<p>En el a\u00f1o 2017 se registr\u00f3 un 8,9% m\u00e1s de v\u00edctimas por femicidio en comparaci\u00f3n con el a\u00f1o 2016.<\/p>\n<p>En cuanto a la franja horaria la mayor cantidad de los hechos tuvo lugar entre las 12 y las 20 hs., mientras que en otros casos el horario registrado fue en la madrugada (entre las 0 y las 6 hs.).<\/p>\n<p>Las mujeres de entre 21 y 40 a\u00f1os fueron en su mayor\u00eda asesinadas por sus parejas, noviazgos o ex parejas (75,5%), y todas conoc\u00edan al agresor.<\/p>\n<p>La mayor\u00eda de las ni\u00f1as menores de 16 a\u00f1os fueron asesinadas por sus padrastros y una por un t\u00edo. Adem\u00e1s todas estaban vinculadas con el femicida.-<\/p>\n<p>Fuente: Diario El Norte<\/p>\n<p><img decoding=\"async\" data-attachment-id=\"39524\" data-permalink=\"https:\/\/eldiariodesanpedro.com.ar\/sitio\/san-nicolas-crecieron-los-procesos-penales-por-casos-de-violencia-de-genero\/elnorte5b8bf79380065_8-grafico-informe-femicidios\/\" data-orig-file=\"https:\/\/eldiariodesanpedro.com.ar\/sitio\/wp-content\/uploads\/2018\/09\/elnorte5b8bf79380065_8-grafico-informe-femicidios.jpg\" data-orig-size=\"531,750\" data-comments-opened=\"1\" data-image-meta=\"{&quot;aperture&quot;:&quot;0&quot;,&quot;credit&quot;:&quot;&quot;,&quot;camera&quot;:&quot;&quot;,&quot;caption&quot;:&quot;&quot;,&quot;created_timestamp&quot;:&quot;0&quot;,&quot;copyright&quot;:&quot;&quot;,&quot;focal_length&quot;:&quot;0&quot;,&quot;iso&quot;:&quot;0&quot;,&quot;shutter_speed&quot;:&quot;0&quot;,&quot;title&quot;:&quot;&quot;,&quot;orientation&quot;:&quot;0&quot;}\" data-image-title=\"elnorte5b8bf79380065_8-grafico-informe-femicidios\" data-image-description=\"\" data-image-caption=\"\" data-large-file=\"https:\/\/eldiariodesanpedro.com.ar\/sitio\/wp-content\/uploads\/2018\/09\/elnorte5b8bf79380065_8-grafico-informe-femicidios.jpg\" data-src=\"https:\/\/eldiariodesanpedro.com.ar\/sitio\/wp-content\/uploads\/2018\/09\/elnorte5b8bf79380065_8-grafico-informe-femicidios.jpg\" alt=\"\" width=\"531\" height=\"750\" class=\"alignnone size-full wp-image-39524 lazyload\" data-srcset=\"https:\/\/eldiariodesanpedro.com.ar\/sitio\/wp-content\/uploads\/2018\/09\/elnorte5b8bf79380065_8-grafico-informe-femicidios.jpg 531w, https:\/\/eldiariodesanpedro.com.ar\/sitio\/wp-content\/uploads\/2018\/09\/elnorte5b8bf79380065_8-grafico-informe-femicidios-212x300.jpg 212w\" data-sizes=\"(max-width: 531px) 100vw, 531px\" src=\"data:image\/svg+xml;base64,PHN2ZyB3aWR0aD0iMSIgaGVpZ2h0PSIxIiB4bWxucz0iaHR0cDovL3d3dy53My5vcmcvMjAwMC9zdmciPjwvc3ZnPg==\" style=\"--smush-placeholder-width: 531px; --smush-placeholder-aspect-ratio: 531\/750;\" \/><\/p>\n","protected":false},"excerpt":{"rendered":"<p>En 2017 hubo un incremento de 18.561 procesos penales de violencia familiar y de g\u00e9nero respecto del a\u00f1o 2016. El a\u00f1o pasado en el departamento judicial San Nicol\u00e1s hubo 3.465 causas por estos delitos con una 1 v\u00edctima por femicidio. Seg\u00fan datos del Ministerio P\u00fablico Fiscal de la provincia de Buenos Aires, los casos por [&hellip;]<\/p>\n","protected":false},"author":4,"featured_media":39525,"comment_status":"open","ping_status":"closed","sticky":false,"template":"","format":"standard","meta":{"om_disable_all_campaigns":false,"_jetpack_memberships_contains_paid_content":false,"footnotes":""},"categories":[621],"tags":[],"class_list":["post-39523","post","type-post","status-publish","format-standard","has-post-thumbnail","hentry","category-regionales"],"aioseo_notices":[],"gutentor_comment":0,"jetpack_featured_media_url":"https:\/\/eldiariodesanpedro.com.ar\/sitio\/wp-content\/uploads\/2018\/09\/BkCuknHgz_930x525.jpg","jetpack_shortlink":"https:\/\/wp.me\/p6RhLt-aht","jetpack_sharing_enabled":true,"_links":{"self":[{"href":"https:\/\/eldiariodesanpedro.com.ar\/sitio\/wp-json\/wp\/v2\/posts\/39523","targetHints":{"allow":["GET"]}}],"collection":[{"href":"https:\/\/eldiariodesanpedro.com.ar\/sitio\/wp-json\/wp\/v2\/posts"}],"about":[{"href":"https:\/\/eldiariodesanpedro.com.ar\/sitio\/wp-json\/wp\/v2\/types\/post"}],"author":[{"embeddable":true,"href":"https:\/\/eldiariodesanpedro.com.ar\/sitio\/wp-json\/wp\/v2\/users\/4"}],"replies":[{"embeddable":true,"href":"https:\/\/eldiariodesanpedro.com.ar\/sitio\/wp-json\/wp\/v2\/comments?post=39523"}],"version-history":[{"count":1,"href":"https:\/\/eldiariodesanpedro.com.ar\/sitio\/wp-json\/wp\/v2\/posts\/39523\/revisions"}],"predecessor-version":[{"id":39526,"href":"https:\/\/eldiariodesanpedro.com.ar\/sitio\/wp-json\/wp\/v2\/posts\/39523\/revisions\/39526"}],"wp:featuredmedia":[{"embeddable":true,"href":"https:\/\/eldiariodesanpedro.com.ar\/sitio\/wp-json\/wp\/v2\/media\/39525"}],"wp:attachment":[{"href":"https:\/\/eldiariodesanpedro.com.ar\/sitio\/wp-json\/wp\/v2\/media?parent=39523"}],"wp:term":[{"taxonomy":"category","embeddable":true,"href":"https:\/\/eldiariodesanpedro.com.ar\/sitio\/wp-json\/wp\/v2\/categories?post=39523"},{"taxonomy":"post_tag","embeddable":true,"href":"https:\/\/eldiariodesanpedro.com.ar\/sitio\/wp-json\/wp\/v2\/tags?post=39523"}],"curies":[{"name":"wp","href":"https:\/\/api.w.org\/{rel}","templated":true}]}}