{"id":39519,"date":"2018-09-03T17:21:36","date_gmt":"2018-09-03T20:21:36","guid":{"rendered":"https:\/\/eldiariodesanpedro.com.ar\/sitio\/?p=39519"},"modified":"2018-09-03T17:24:52","modified_gmt":"2018-09-03T20:24:52","slug":"san-nicolas-en-medio-de-la-incertidumbre-motomel-reanuda-la-produccion","status":"publish","type":"post","link":"https:\/\/eldiariodesanpedro.com.ar\/sitio\/san-nicolas-en-medio-de-la-incertidumbre-motomel-reanuda-la-produccion\/","title":{"rendered":"SAN NICOL\u00c1S: En medio de la incertidumbre, Motomel reanuda la producci\u00f3n"},"content":{"rendered":"<p><!-- VideographyWP Plugin Message: Automatic video embedding prevented by plugin options. --><br \/>\nHoy vuelven a encenderse las diferentes l\u00edneas de producci\u00f3n a partir de la reincorporaci\u00f3n de los 450 operarios que estuvieran suspendidos durante dos semanas. La mayor incertidumbre est\u00e1 en el impacto que tendr\u00e1 la suba que experimentara el d\u00f3lar la semana pasada, en un contexto de ventas deprimidas.<\/p>\n<p>Este lunes la planta que posee Motomel en La Emilia volver\u00e1 a poner en marcha sus diferentes l\u00edneas de producci\u00f3n tras un parate de dos semanas en los que se aplicaron suspensiones a \u2013aproximadamente- 450 operarios con el objetivo de frenar la producci\u00f3n para no sobre stockearse en un mercado de ventas deprimidas.<\/p>\n<p>La reanudaci\u00f3n de la actividad se da en un marco de gran incertidumbre como consecuencia de un contexto que no se ha visto modificado en cuanto a la venta de productos. Y que podr\u00eda profundizarse a partir de la fuerte crecida del tipo de cambio. Vale agregar que Motomel importa buena parte de los insumos, que cotizan en moneda norteamericana.<\/p>\n<p>Por lo pronto, con el correr de los d\u00edas los operarios reincorporados tendr\u00e1n mayores certezas sobre los planes de la empresa en cuanto al futuro inmediato.<\/p>\n<p>No es la primera vez que Motomel recurre a una medida de estas caracter\u00edsticas puesto que hace apenas algunas semanas hab\u00eda frenado la producci\u00f3n en la planta de La Emilia, adelantando vacaciones a los empleados. Desde la UOM San Nicol\u00e1s consideran que esta modalidad es la m\u00e1s conveniente porque evita los despidos. Vale recordar que en mayo, bajo una brutal corrida cambiaria, la firma se desprendi\u00f3 de 130 trabajadores al no renovarles sus contratos.<\/p>\n<p>Una esperanza<br \/>\nSeg\u00fan trascendi\u00f3 en forma extraoficial, el Gobierno y los bancos exploran f\u00f3rmulas para reanimar las ventas de motos a partir del relanzamiento de  planes en cuotas. La suba de tasas y el d\u00f3lar complican, pero prev\u00e9n colocar 600.000 unidades este a\u00f1o. Adem\u00e1s, en el sector creen que el Gobierno impulsar\u00e1 un decreto que contempla est\u00edmulos a la integraci\u00f3n local de piezas y motopartes, que hoy son importadas en su mayor\u00eda.<\/p>\n<p>\u201cEl decreto saldr\u00eda antes de fin de a\u00f1o y establece beneficios fiscales y reducci\u00f3n de aranceles a las importaciones para las motos que tengan un m\u00ednimo del 5% de componentes nacionales, para pasar al 8,5% dentro de tres a\u00f1os\u201d, explic\u00f3 Lino Stefanutto, presidente de la CAFAM, una de las principales c\u00e1maras sectoriales. La iniciativa surgi\u00f3 como parte de un acuerdo del sector con el Ministerio de la Producci\u00f3n, en la ronda de mesas sectoriales. \u201cPor fin vemos un avance concreto en la pol\u00edtica industrial ya que las motos, hoy, promedian un 2% de integraci\u00f3n local\u201d, celebr\u00f3 Leandro Iraola, accionista y presidente de Corven.<\/p>\n<p>A inicios de a\u00f1o, en la industria proyectaban superar los 800.000 patentamientos, pero la tendencia cambi\u00f3 abruptamente a partir de la corrida cambiaria y la suba de tasas.<\/p>\n<p>Fuentes de la industria coinciden en que hay diversas negociaciones en marcha con entidades financieras y bancos para reactivar el financiamiento. Un dato concreto: en los pr\u00f3ximos d\u00edas Naranja (la tarjeta del Galicia) lanzar\u00e1 un plan de 12 cuotas para la compra de motos Honda.<\/p>\n<p>En principio, el sector acord\u00f3 con el Gobierno extender hasta fin de a\u00f1o los planes Ahora 12 y Ahora 18, considerados cruciales para amortiguar el impacto de la trepada de tasas. Como en la mayor\u00eda de los bienes durables (autos, electrodom\u00e9sticos, etc.), las motos dependen de la venta a plazos. De hecho, gran parte del mercado (entre el 65 y 70% del total) son motos de hasta 250 cent\u00edmetros c\u00fabicos, es decir, las de menor valor\u201d.<\/p>\n<p>A pesar de la ca\u00edda pronunciada en las ventas del \u00faltimo trimestre, no lograron quebrar la tendencia positiva del sector. Por caso en julio, de acuerdo con la ACARA, se patentaron 39.500 motos, lo que representa una baja de casi el 23% con respecto al mismo mes de 2017. Pero en el acumulado del a\u00f1o (de enero a julio) todav\u00eda se observa un alza del 6,4%, porcentaje que surge al comparar las 401.000 unidades de 2018 con respecto a las casi 376.773 del a\u00f1o anterior. <\/p>\n<p>Fuente: DIario El Norte<\/p>\n","protected":false},"excerpt":{"rendered":"<p>Hoy vuelven a encenderse las diferentes l\u00edneas de producci\u00f3n a partir de la reincorporaci\u00f3n de los 450 operarios que estuvieran suspendidos durante dos semanas. La mayor incertidumbre est\u00e1 en el impacto que tendr\u00e1 la suba que experimentara el d\u00f3lar la semana pasada, en un contexto de ventas deprimidas. Este lunes la planta que posee Motomel [&hellip;]<\/p>\n","protected":false},"author":4,"featured_media":39520,"comment_status":"open","ping_status":"closed","sticky":false,"template":"","format":"standard","meta":{"om_disable_all_campaigns":false,"_jetpack_memberships_contains_paid_content":false,"footnotes":""},"categories":[621],"tags":[],"class_list":["post-39519","post","type-post","status-publish","format-standard","has-post-thumbnail","hentry","category-regionales"],"aioseo_notices":[],"gutentor_comment":0,"jetpack_featured_media_url":"https:\/\/eldiariodesanpedro.com.ar\/sitio\/wp-content\/uploads\/2018\/09\/elnorte5b8cf229b4f3e_3-motomel-4x10.jpg","jetpack_shortlink":"https:\/\/wp.me\/p6RhLt-ahp","jetpack_sharing_enabled":true,"_links":{"self":[{"href":"https:\/\/eldiariodesanpedro.com.ar\/sitio\/wp-json\/wp\/v2\/posts\/39519","targetHints":{"allow":["GET"]}}],"collection":[{"href":"https:\/\/eldiariodesanpedro.com.ar\/sitio\/wp-json\/wp\/v2\/posts"}],"about":[{"href":"https:\/\/eldiariodesanpedro.com.ar\/sitio\/wp-json\/wp\/v2\/types\/post"}],"author":[{"embeddable":true,"href":"https:\/\/eldiariodesanpedro.com.ar\/sitio\/wp-json\/wp\/v2\/users\/4"}],"replies":[{"embeddable":true,"href":"https:\/\/eldiariodesanpedro.com.ar\/sitio\/wp-json\/wp\/v2\/comments?post=39519"}],"version-history":[{"count":2,"href":"https:\/\/eldiariodesanpedro.com.ar\/sitio\/wp-json\/wp\/v2\/posts\/39519\/revisions"}],"predecessor-version":[{"id":39522,"href":"https:\/\/eldiariodesanpedro.com.ar\/sitio\/wp-json\/wp\/v2\/posts\/39519\/revisions\/39522"}],"wp:featuredmedia":[{"embeddable":true,"href":"https:\/\/eldiariodesanpedro.com.ar\/sitio\/wp-json\/wp\/v2\/media\/39520"}],"wp:attachment":[{"href":"https:\/\/eldiariodesanpedro.com.ar\/sitio\/wp-json\/wp\/v2\/media?parent=39519"}],"wp:term":[{"taxonomy":"category","embeddable":true,"href":"https:\/\/eldiariodesanpedro.com.ar\/sitio\/wp-json\/wp\/v2\/categories?post=39519"},{"taxonomy":"post_tag","embeddable":true,"href":"https:\/\/eldiariodesanpedro.com.ar\/sitio\/wp-json\/wp\/v2\/tags?post=39519"}],"curies":[{"name":"wp","href":"https:\/\/api.w.org\/{rel}","templated":true}]}}