{"id":39515,"date":"2018-09-03T17:17:14","date_gmt":"2018-09-03T20:17:14","guid":{"rendered":"https:\/\/eldiariodesanpedro.com.ar\/sitio\/?p=39515"},"modified":"2018-09-03T17:18:45","modified_gmt":"2018-09-03T20:18:45","slug":"ramallo-el-partido-republicano-federal-presento-su-espacio-en-ramallo","status":"publish","type":"post","link":"https:\/\/eldiariodesanpedro.com.ar\/sitio\/ramallo-el-partido-republicano-federal-presento-su-espacio-en-ramallo\/","title":{"rendered":"RAMALLO: El Partido Republicano Federal present\u00f3 su espacio en Ramallo"},"content":{"rendered":"<p><!-- VideographyWP Plugin Message: Automatic video embedding prevented by plugin options. --><br \/>\nCon la presencia del senador Sergio Berni y el diputado Marcos Di Palma, se hizo la presentaci\u00f3n oficial del Partido Republicano Federal de Ramallo.<\/p>\n<p>Los referentes locales Dar\u00edo Leguizamo y Natalia Gonz\u00e1lez, fueron los anfitriones de la presentaci\u00f3n de este nuevo espacio pol\u00edtico a nivel local, que tiene como referente provincial a Jaime Alper.<\/p>\n<p>Con la presencia del senador Sergio Berni y el diputado Marcos Di Palma, se hizo la presentaci\u00f3n oficial del Partido Republicano Federal de Ramallo.<br \/>\nUn pasaje del acto.<br \/>\nCon la presencia del senador Sergio Berni y el diputado Marcos Di Palma, se hizo la presentaci\u00f3n oficial del Partido Republicano Federal de Ramallo.<\/p>\n<p>Los referentes locales Dar\u00edo Leguizamo y Natalia Gonz\u00e1lez, fueron los anfitriones de la presentaci\u00f3n de este nuevo espacio pol\u00edtico a nivel local, que tiene como referente provincial a Jaime Alper.<\/p>\n<p>\u201cEstamos acompa\u00f1ando a los compa\u00f1eros de este nuevo partido Republicano por toda la segunda secci\u00f3n electoral, un espacio pol\u00edtico que tiene toda la intenci\u00f3n de ser una alternativa electoral para el 2019, y desde all\u00ed brindarle todo el apoyo desde Unidad Ciudadana para que conformemos un gran frente para poder detener estas pol\u00edticas de ajustes que est\u00e1 viviendo nuestro pueblo\u201d, expuso Berni.<\/p>\n<p>Adem\u00e1s, exclam\u00f3: \u201cla \u00fanica alternativa para el 2019 es el peronismo, no tengo dudas\u201d.<\/p>\n<p>Estuvieron presentes referentes del Partido Republicano Federal de las localidades de Baradero, Arrecifes, Pergamino, entre otras.<\/p>\n<p>Adem\u00e1s acompa\u00f1aron organizaciones pol\u00edticas locales como Movimiento Evita, Movimiento Villa Ramallo, Partido Solidario, PJ y La C\u00e1mpora, entre otras.<\/p>\n<p>Fuente: Ramallo Ciudad<\/p>\n","protected":false},"excerpt":{"rendered":"<p>Con la presencia del senador Sergio Berni y el diputado Marcos Di Palma, se hizo la presentaci\u00f3n oficial del Partido Republicano Federal de Ramallo. Los referentes locales Dar\u00edo Leguizamo y Natalia Gonz\u00e1lez, fueron los anfitriones de la presentaci\u00f3n de este nuevo espacio pol\u00edtico a nivel local, que tiene como referente provincial a Jaime Alper. Con [&hellip;]<\/p>\n","protected":false},"author":4,"featured_media":39516,"comment_status":"open","ping_status":"closed","sticky":false,"template":"","format":"standard","meta":{"om_disable_all_campaigns":false,"_jetpack_memberships_contains_paid_content":false,"footnotes":""},"categories":[621],"tags":[],"class_list":["post-39515","post","type-post","status-publish","format-standard","has-post-thumbnail","hentry","category-regionales"],"aioseo_notices":[],"gutentor_comment":0,"jetpack_featured_media_url":"https:\/\/eldiariodesanpedro.com.ar\/sitio\/wp-content\/uploads\/2018\/09\/bbx_545702297_1_What.jpeg","jetpack_shortlink":"https:\/\/wp.me\/p6RhLt-ahl","jetpack_sharing_enabled":true,"_links":{"self":[{"href":"https:\/\/eldiariodesanpedro.com.ar\/sitio\/wp-json\/wp\/v2\/posts\/39515","targetHints":{"allow":["GET"]}}],"collection":[{"href":"https:\/\/eldiariodesanpedro.com.ar\/sitio\/wp-json\/wp\/v2\/posts"}],"about":[{"href":"https:\/\/eldiariodesanpedro.com.ar\/sitio\/wp-json\/wp\/v2\/types\/post"}],"author":[{"embeddable":true,"href":"https:\/\/eldiariodesanpedro.com.ar\/sitio\/wp-json\/wp\/v2\/users\/4"}],"replies":[{"embeddable":true,"href":"https:\/\/eldiariodesanpedro.com.ar\/sitio\/wp-json\/wp\/v2\/comments?post=39515"}],"version-history":[{"count":2,"href":"https:\/\/eldiariodesanpedro.com.ar\/sitio\/wp-json\/wp\/v2\/posts\/39515\/revisions"}],"predecessor-version":[{"id":39518,"href":"https:\/\/eldiariodesanpedro.com.ar\/sitio\/wp-json\/wp\/v2\/posts\/39515\/revisions\/39518"}],"wp:featuredmedia":[{"embeddable":true,"href":"https:\/\/eldiariodesanpedro.com.ar\/sitio\/wp-json\/wp\/v2\/media\/39516"}],"wp:attachment":[{"href":"https:\/\/eldiariodesanpedro.com.ar\/sitio\/wp-json\/wp\/v2\/media?parent=39515"}],"wp:term":[{"taxonomy":"category","embeddable":true,"href":"https:\/\/eldiariodesanpedro.com.ar\/sitio\/wp-json\/wp\/v2\/categories?post=39515"},{"taxonomy":"post_tag","embeddable":true,"href":"https:\/\/eldiariodesanpedro.com.ar\/sitio\/wp-json\/wp\/v2\/tags?post=39515"}],"curies":[{"name":"wp","href":"https:\/\/api.w.org\/{rel}","templated":true}]}}