{"id":39512,"date":"2018-09-03T17:11:52","date_gmt":"2018-09-03T20:11:52","guid":{"rendered":"https:\/\/eldiariodesanpedro.com.ar\/sitio\/?p=39512"},"modified":"2018-09-03T17:11:52","modified_gmt":"2018-09-03T20:11:52","slug":"provncia-en-pleno-conflicto-salarial-docentes-definen-manana-si-van-a-un-mega-paro-de-cuatro-dias","status":"publish","type":"post","link":"https:\/\/eldiariodesanpedro.com.ar\/sitio\/provncia-en-pleno-conflicto-salarial-docentes-definen-manana-si-van-a-un-mega-paro-de-cuatro-dias\/","title":{"rendered":"PROVNCIA: En pleno conflicto salarial, docentes definen ma\u00f1ana si van a un \u2018mega\u2019 paro de cuatro d\u00edas"},"content":{"rendered":"<p><!-- VideographyWP Plugin Message: Automatic video embedding prevented by plugin options. --><br \/>\nEl Frente se re\u00fane en Capital para resolver la continuidad del plan de lucha. Debate sobre la metodolog\u00eda del paro. Educaci\u00f3n adelant\u00f3 el pago de sueldos pero los gremios no aflojan.<\/p>\n<p>Las noticias para el gobierno de Mar\u00eda Eugenia Vidal no son las mejoras en el inicio de la semana. A los cambios econ\u00f3micos nacionales, que impactar\u00e1n en las arcas bonaerenses, se le suma la posibilidad de un nuevo \u2018mega\u2019 paro docente.<\/p>\n<p>As\u00ed lo revelaron a La Tecla voceros del Frente de Unidad Docente Bonaerense (FUDB), que se reunir\u00e1 ma\u00f1ana para definir si vuelve con las medias de fuerza por reclamo de aumento salarial, tal como la semana pasada, cuando pararon por tres d\u00edas.<\/p>\n<p>En esta oportunidad, el Frente -que integran la ceterista SUTEBA, FEB, la cegetista UDocBA, los t\u00e9cnicos de AMET y los privados de SADOP- se reunir\u00e1 a las 10 de la ma\u00f1ana en la sede que la Asociaci\u00f3n del Magisterio de Ense\u00f1anza T\u00e9cnica tiene en CABA.<\/p>\n<p>All\u00ed el FUDB tirar\u00e1 en la mesa un mandato que tienen la mayor\u00eda de los sindicatos: 96 horas de paro. Cuatro d\u00edas.<\/p>\n<p>La modalidad tambi\u00e9n ser\u00e1 eje del debate de los jefes sindicales. Algunos van con la idea de dividir los d\u00edas en dos jornadas de 48 horas, aunque otros piensan una huelga de cuatro d\u00edas, que podr\u00eda concretarse la semana pr\u00f3xima.<\/p>\n<p>Por fuera del conflicto docente, surge otro dato que se conoci\u00f3 en las \u00faltimas horas: el gobierno provincial adelant\u00f3 para el viernes pasado el cobro de los haberes de los docentes, que por cronograma deber\u00eda ser a finales de esta semana.<\/p>\n<p>El \u2018gesto\u2019 de la administraci\u00f3n Vidal no conmovi\u00f3 ni afloj\u00f3 la tirantez de la negociaci\u00f3n salarial que se inici\u00f3 a principio de a\u00f1o y que a\u00fan no encuentra soluci\u00f3n, pese a las ofertas salariales del gobierno<\/p>\n<p>El malestar lo ventil\u00f3 el titular de SUTEBA, Roberto Baradel, para quien ya \u201cse acab\u00f3 la negociaci\u00f3n con Mar\u00eda Eugenia Vidal\u201d, porque \u201cno hay posibilidad de discutir o reformular la propuesta\u201d salarial.<\/p>\n<p>La \u00faltima oferta:<\/p>\n<p>El jueves 23 de agosto el Ejecutivo ofreci\u00f3 una suba global del 20,7%, m\u00e1s la promesa de reabrir la paritaria en octubre. Pero los gremios dijeron \u201cno\u201d y lanzaron un paro por 72 horas, que el gobierno consider\u00f3 \u201csalvaje\u201d.<\/p>\n<p>Fuente: Enlace Crtitico<\/p>\n","protected":false},"excerpt":{"rendered":"<p>El Frente se re\u00fane en Capital para resolver la continuidad del plan de lucha. Debate sobre la metodolog\u00eda del paro. Educaci\u00f3n adelant\u00f3 el pago de sueldos pero los gremios no aflojan. Las noticias para el gobierno de Mar\u00eda Eugenia Vidal no son las mejoras en el inicio de la semana. A los cambios econ\u00f3micos nacionales, [&hellip;]<\/p>\n","protected":false},"author":4,"featured_media":39513,"comment_status":"open","ping_status":"closed","sticky":false,"template":"","format":"standard","meta":{"om_disable_all_campaigns":false,"_jetpack_memberships_contains_paid_content":false,"footnotes":""},"categories":[621],"tags":[],"class_list":["post-39512","post","type-post","status-publish","format-standard","has-post-thumbnail","hentry","category-regionales"],"aioseo_notices":[],"gutentor_comment":0,"jetpack_featured_media_url":"https:\/\/eldiariodesanpedro.com.ar\/sitio\/wp-content\/uploads\/2018\/09\/20180801152834_.Comunicado_FUDB_01082018_658x400.jpeg","jetpack_shortlink":"https:\/\/wp.me\/p6RhLt-ahi","jetpack_sharing_enabled":true,"_links":{"self":[{"href":"https:\/\/eldiariodesanpedro.com.ar\/sitio\/wp-json\/wp\/v2\/posts\/39512","targetHints":{"allow":["GET"]}}],"collection":[{"href":"https:\/\/eldiariodesanpedro.com.ar\/sitio\/wp-json\/wp\/v2\/posts"}],"about":[{"href":"https:\/\/eldiariodesanpedro.com.ar\/sitio\/wp-json\/wp\/v2\/types\/post"}],"author":[{"embeddable":true,"href":"https:\/\/eldiariodesanpedro.com.ar\/sitio\/wp-json\/wp\/v2\/users\/4"}],"replies":[{"embeddable":true,"href":"https:\/\/eldiariodesanpedro.com.ar\/sitio\/wp-json\/wp\/v2\/comments?post=39512"}],"version-history":[{"count":1,"href":"https:\/\/eldiariodesanpedro.com.ar\/sitio\/wp-json\/wp\/v2\/posts\/39512\/revisions"}],"predecessor-version":[{"id":39514,"href":"https:\/\/eldiariodesanpedro.com.ar\/sitio\/wp-json\/wp\/v2\/posts\/39512\/revisions\/39514"}],"wp:featuredmedia":[{"embeddable":true,"href":"https:\/\/eldiariodesanpedro.com.ar\/sitio\/wp-json\/wp\/v2\/media\/39513"}],"wp:attachment":[{"href":"https:\/\/eldiariodesanpedro.com.ar\/sitio\/wp-json\/wp\/v2\/media?parent=39512"}],"wp:term":[{"taxonomy":"category","embeddable":true,"href":"https:\/\/eldiariodesanpedro.com.ar\/sitio\/wp-json\/wp\/v2\/categories?post=39512"},{"taxonomy":"post_tag","embeddable":true,"href":"https:\/\/eldiariodesanpedro.com.ar\/sitio\/wp-json\/wp\/v2\/tags?post=39512"}],"curies":[{"name":"wp","href":"https:\/\/api.w.org\/{rel}","templated":true}]}}