{"id":39507,"date":"2018-09-03T10:33:55","date_gmt":"2018-09-03T13:33:55","guid":{"rendered":"https:\/\/eldiariodesanpedro.com.ar\/sitio\/?p=39507"},"modified":"2018-09-03T10:33:55","modified_gmt":"2018-09-03T13:33:55","slug":"charla-sobre-drogodependencia-en-el-cic","status":"publish","type":"post","link":"https:\/\/eldiariodesanpedro.com.ar\/sitio\/charla-sobre-drogodependencia-en-el-cic\/","title":{"rendered":"Charla sobre drogodependencia en el CIC"},"content":{"rendered":"<p><!-- VideographyWP Plugin Message: Automatic video embedding prevented by plugin options. --><br \/>\nA partir de una iniciativa de Radio Rep\u00fablica de R\u00edo Tala la Municipalidad de San Pedro desde la Secretar\u00eda de Desarrollo Humano, y Secretar\u00eda de Salud desde el \u00e1rea que aborda los temas relacionados con Salud Mental, acompa\u00f1an este viernes 7 de septiembre a una agenda de actividades para la prevenci\u00f3n de adicciones y drogodependencia. A las 10 de la ma\u00f1ana en el CIC brindar\u00e1 una charla abierta Javier Kornetz, t\u00e9cnico en Drogodependencias. Del mismo modo en que viene ocurriendo en otras ciudades ofrecer\u00e1 una charla orientada a adolescentes, padres y profesionales que interesados en este tema. Kornetz es autor del Libro: \u00abGuardado en su Coraz\u00f3n\u00bb, donde vuelca su testimonio sobre c\u00f3mo logr\u00f3 emprender un camino de recuperaci\u00f3n para este flagelo. Adem\u00e1s trabaj\u00f3 para el Gobierno de la Ciudad asistiendo a ni\u00f1os y j\u00f3venes en situaci\u00f3n de calle. Actualmente trabaja en la capacitaci\u00f3n continua para prevenir a las nuevas generaciones sobre las drogas.<\/p>\n","protected":false},"excerpt":{"rendered":"<p>A partir de una iniciativa de Radio Rep\u00fablica de R\u00edo Tala la Municipalidad de San Pedro desde la Secretar\u00eda de Desarrollo Humano, y Secretar\u00eda de Salud desde el \u00e1rea que aborda los temas relacionados con Salud Mental, acompa\u00f1an este viernes 7 de septiembre a una agenda de actividades para la prevenci\u00f3n de adicciones y drogodependencia. [&hellip;]<\/p>\n","protected":false},"author":4,"featured_media":39508,"comment_status":"open","ping_status":"closed","sticky":false,"template":"","format":"standard","meta":{"om_disable_all_campaigns":false,"_jetpack_memberships_contains_paid_content":false,"footnotes":""},"categories":[101,2],"tags":[],"class_list":["post-39507","post","type-post","status-publish","format-standard","has-post-thumbnail","hentry","category-interes-general-locales","category-locales"],"aioseo_notices":[],"gutentor_comment":0,"jetpack_featured_media_url":"https:\/\/eldiariodesanpedro.com.ar\/sitio\/wp-content\/uploads\/2018\/09\/Drogodependencia.png","jetpack_shortlink":"https:\/\/wp.me\/p6RhLt-ahd","jetpack_sharing_enabled":true,"_links":{"self":[{"href":"https:\/\/eldiariodesanpedro.com.ar\/sitio\/wp-json\/wp\/v2\/posts\/39507","targetHints":{"allow":["GET"]}}],"collection":[{"href":"https:\/\/eldiariodesanpedro.com.ar\/sitio\/wp-json\/wp\/v2\/posts"}],"about":[{"href":"https:\/\/eldiariodesanpedro.com.ar\/sitio\/wp-json\/wp\/v2\/types\/post"}],"author":[{"embeddable":true,"href":"https:\/\/eldiariodesanpedro.com.ar\/sitio\/wp-json\/wp\/v2\/users\/4"}],"replies":[{"embeddable":true,"href":"https:\/\/eldiariodesanpedro.com.ar\/sitio\/wp-json\/wp\/v2\/comments?post=39507"}],"version-history":[{"count":1,"href":"https:\/\/eldiariodesanpedro.com.ar\/sitio\/wp-json\/wp\/v2\/posts\/39507\/revisions"}],"predecessor-version":[{"id":39509,"href":"https:\/\/eldiariodesanpedro.com.ar\/sitio\/wp-json\/wp\/v2\/posts\/39507\/revisions\/39509"}],"wp:featuredmedia":[{"embeddable":true,"href":"https:\/\/eldiariodesanpedro.com.ar\/sitio\/wp-json\/wp\/v2\/media\/39508"}],"wp:attachment":[{"href":"https:\/\/eldiariodesanpedro.com.ar\/sitio\/wp-json\/wp\/v2\/media?parent=39507"}],"wp:term":[{"taxonomy":"category","embeddable":true,"href":"https:\/\/eldiariodesanpedro.com.ar\/sitio\/wp-json\/wp\/v2\/categories?post=39507"},{"taxonomy":"post_tag","embeddable":true,"href":"https:\/\/eldiariodesanpedro.com.ar\/sitio\/wp-json\/wp\/v2\/tags?post=39507"}],"curies":[{"name":"wp","href":"https:\/\/api.w.org\/{rel}","templated":true}]}}