{"id":39503,"date":"2018-09-03T10:22:53","date_gmt":"2018-09-03T13:22:53","guid":{"rendered":"https:\/\/eldiariodesanpedro.com.ar\/sitio\/?p=39503"},"modified":"2018-09-03T10:30:07","modified_gmt":"2018-09-03T13:30:07","slug":"black-friday-sampedrino-primera-experiencia","status":"publish","type":"post","link":"https:\/\/eldiariodesanpedro.com.ar\/sitio\/black-friday-sampedrino-primera-experiencia\/","title":{"rendered":"Black Friday Sampedrino: primera experiencia"},"content":{"rendered":"<p><!-- VideographyWP Plugin Message: Automatic video embedding prevented by plugin options. --><br \/>\nLa iniciativa compartida y planificada en conjunto desde el Centro de Comercio Industria y Turismo de San Pedro y la Subsecretar\u00eda de Desarrollo Econ\u00f3mico  tuvo su primera experiencia este fin de semana. Lo m\u00e1s destacable de la acci\u00f3n ha sido indudablemente el inter\u00e9s y la adhesi\u00f3n de una gran cantidad de comerciantes, empresarios y prestadores de servicios que entendieron la propuesta y aceptaron la invitaci\u00f3n.<\/p>\n<p>M\u00e1s all\u00e1 de la evaluaci\u00f3n puntual que comenzar\u00e1 esta semana recorriendo a cada uno de los inscriptos para conocer su evaluaci\u00f3n, queda claro que es necesario sumar voluntades para encontrar recursos que favorezcan el movimiento econ\u00f3mico de nuestra ciudad.<\/p>\n<p>Las condiciones econ\u00f3micas del pa\u00eds y la coyuntura de los \u00faltimos d\u00edas han sido una variable inesperada que condicion\u00f3 las posibilidades de efectuar descuentos o promociones de caracter\u00edsticas extraordinarias como tambi\u00e9n una retracci\u00f3n de los consumidores.  No obstante,  entendiendo que la iniciativa ha tenido las mejores intenciones, muchos apuntaron al ingenio para adherirse y promover con bonificaciones en algunos de sus productos, que varios compradores pudieron aprovechar. <\/p>\n<p>El Centro de Comercio Industria y Turismo de San Pedro y la Subsecretar\u00eda de Desarrollo Econ\u00f3mico agradecen a todos los que apoyaron la idea y especialmente a quienes sumaron inquietudes para mejorar la propuesta para ediciones futuras, entendiendo que en momentos complicados para la econom\u00eda la mejor actitud es proponer alternativas diferentes y ponerlas en marcha y que s\u00f3lo interactuando entre el sector privado y el sector p\u00fablico se pueden afrontar momentos complicados.<\/p>\n","protected":false},"excerpt":{"rendered":"<p>La iniciativa compartida y planificada en conjunto desde el Centro de Comercio Industria y Turismo de San Pedro y la Subsecretar\u00eda de Desarrollo Econ\u00f3mico tuvo su primera experiencia este fin de semana. Lo m\u00e1s destacable de la acci\u00f3n ha sido indudablemente el inter\u00e9s y la adhesi\u00f3n de una gran cantidad de comerciantes, empresarios y prestadores [&hellip;]<\/p>\n","protected":false},"author":4,"featured_media":39506,"comment_status":"open","ping_status":"closed","sticky":false,"template":"","format":"standard","meta":{"om_disable_all_campaigns":false,"_jetpack_memberships_contains_paid_content":false,"footnotes":""},"categories":[101,2],"tags":[],"class_list":["post-39503","post","type-post","status-publish","format-standard","has-post-thumbnail","hentry","category-interes-general-locales","category-locales"],"aioseo_notices":[],"gutentor_comment":0,"jetpack_featured_media_url":"https:\/\/eldiariodesanpedro.com.ar\/sitio\/wp-content\/uploads\/2018\/09\/blackfridayanuncios.jpg","jetpack_shortlink":"https:\/\/wp.me\/p6RhLt-ah9","jetpack_sharing_enabled":true,"_links":{"self":[{"href":"https:\/\/eldiariodesanpedro.com.ar\/sitio\/wp-json\/wp\/v2\/posts\/39503","targetHints":{"allow":["GET"]}}],"collection":[{"href":"https:\/\/eldiariodesanpedro.com.ar\/sitio\/wp-json\/wp\/v2\/posts"}],"about":[{"href":"https:\/\/eldiariodesanpedro.com.ar\/sitio\/wp-json\/wp\/v2\/types\/post"}],"author":[{"embeddable":true,"href":"https:\/\/eldiariodesanpedro.com.ar\/sitio\/wp-json\/wp\/v2\/users\/4"}],"replies":[{"embeddable":true,"href":"https:\/\/eldiariodesanpedro.com.ar\/sitio\/wp-json\/wp\/v2\/comments?post=39503"}],"version-history":[{"count":1,"href":"https:\/\/eldiariodesanpedro.com.ar\/sitio\/wp-json\/wp\/v2\/posts\/39503\/revisions"}],"predecessor-version":[{"id":39505,"href":"https:\/\/eldiariodesanpedro.com.ar\/sitio\/wp-json\/wp\/v2\/posts\/39503\/revisions\/39505"}],"wp:featuredmedia":[{"embeddable":true,"href":"https:\/\/eldiariodesanpedro.com.ar\/sitio\/wp-json\/wp\/v2\/media\/39506"}],"wp:attachment":[{"href":"https:\/\/eldiariodesanpedro.com.ar\/sitio\/wp-json\/wp\/v2\/media?parent=39503"}],"wp:term":[{"taxonomy":"category","embeddable":true,"href":"https:\/\/eldiariodesanpedro.com.ar\/sitio\/wp-json\/wp\/v2\/categories?post=39503"},{"taxonomy":"post_tag","embeddable":true,"href":"https:\/\/eldiariodesanpedro.com.ar\/sitio\/wp-json\/wp\/v2\/tags?post=39503"}],"curies":[{"name":"wp","href":"https:\/\/api.w.org\/{rel}","templated":true}]}}