{"id":39501,"date":"2018-09-03T09:25:47","date_gmt":"2018-09-03T12:25:47","guid":{"rendered":"https:\/\/eldiariodesanpedro.com.ar\/sitio\/?p=39501"},"modified":"2018-09-03T09:25:47","modified_gmt":"2018-09-03T12:25:47","slug":"accidente-un-automovil-colisiono-con-un-camion","status":"publish","type":"post","link":"https:\/\/eldiariodesanpedro.com.ar\/sitio\/accidente-un-automovil-colisiono-con-un-camion\/","title":{"rendered":"Accidente: Un autom\u00f3vil colisiono con un cami\u00f3n"},"content":{"rendered":"<p><!-- VideographyWP Plugin Message: Automatic video embedding prevented by plugin options. --><br \/>\nEsta ma\u00f1ana,  a las 06:30hs en intersecci\u00f3n de Crucero General Belgrano y Ruta 1001, colisiona un autom\u00f3vil marca VW de color azul conducido por un joven de 27 a\u00f1os de edad, con cami\u00f3n Scania conducido por un hombre de 54. <\/p>\n<p>Como consecuencias el conductor del roda menor fue traslado hasta el Nosocomio local por la ambulancia del SAME, donde el  medico de guardia dictamina herida cortante en cuero cabelludo, traumatismos varios, lesiones de car\u00e1cter leves.<\/p>\n","protected":false},"excerpt":{"rendered":"<p>Esta ma\u00f1ana, a las 06:30hs en intersecci\u00f3n de Crucero General Belgrano y Ruta 1001, colisiona un autom\u00f3vil marca VW de color azul conducido por un joven de 27 a\u00f1os de edad, con cami\u00f3n Scania conducido por un hombre de 54. Como consecuencias el conductor del roda menor fue traslado hasta el Nosocomio local por la [&hellip;]<\/p>\n","protected":false},"author":4,"featured_media":27202,"comment_status":"open","ping_status":"closed","sticky":false,"template":"","format":"standard","meta":{"om_disable_all_campaigns":false,"_jetpack_memberships_contains_paid_content":false,"footnotes":""},"categories":[2,103],"tags":[],"class_list":["post-39501","post","type-post","status-publish","format-standard","has-post-thumbnail","hentry","category-locales","category-policiales-locales"],"aioseo_notices":[],"gutentor_comment":0,"jetpack_featured_media_url":"https:\/\/eldiariodesanpedro.com.ar\/sitio\/wp-content\/uploads\/2017\/12\/ambulancia-same-provincia.jpg","jetpack_shortlink":"https:\/\/wp.me\/p6RhLt-ah7","jetpack_sharing_enabled":true,"_links":{"self":[{"href":"https:\/\/eldiariodesanpedro.com.ar\/sitio\/wp-json\/wp\/v2\/posts\/39501","targetHints":{"allow":["GET"]}}],"collection":[{"href":"https:\/\/eldiariodesanpedro.com.ar\/sitio\/wp-json\/wp\/v2\/posts"}],"about":[{"href":"https:\/\/eldiariodesanpedro.com.ar\/sitio\/wp-json\/wp\/v2\/types\/post"}],"author":[{"embeddable":true,"href":"https:\/\/eldiariodesanpedro.com.ar\/sitio\/wp-json\/wp\/v2\/users\/4"}],"replies":[{"embeddable":true,"href":"https:\/\/eldiariodesanpedro.com.ar\/sitio\/wp-json\/wp\/v2\/comments?post=39501"}],"version-history":[{"count":1,"href":"https:\/\/eldiariodesanpedro.com.ar\/sitio\/wp-json\/wp\/v2\/posts\/39501\/revisions"}],"predecessor-version":[{"id":39502,"href":"https:\/\/eldiariodesanpedro.com.ar\/sitio\/wp-json\/wp\/v2\/posts\/39501\/revisions\/39502"}],"wp:featuredmedia":[{"embeddable":true,"href":"https:\/\/eldiariodesanpedro.com.ar\/sitio\/wp-json\/wp\/v2\/media\/27202"}],"wp:attachment":[{"href":"https:\/\/eldiariodesanpedro.com.ar\/sitio\/wp-json\/wp\/v2\/media?parent=39501"}],"wp:term":[{"taxonomy":"category","embeddable":true,"href":"https:\/\/eldiariodesanpedro.com.ar\/sitio\/wp-json\/wp\/v2\/categories?post=39501"},{"taxonomy":"post_tag","embeddable":true,"href":"https:\/\/eldiariodesanpedro.com.ar\/sitio\/wp-json\/wp\/v2\/tags?post=39501"}],"curies":[{"name":"wp","href":"https:\/\/api.w.org\/{rel}","templated":true}]}}