{"id":39492,"date":"2018-09-03T08:48:41","date_gmt":"2018-09-03T11:48:41","guid":{"rendered":"https:\/\/eldiariodesanpedro.com.ar\/sitio\/?p=39492"},"modified":"2018-09-03T08:48:41","modified_gmt":"2018-09-03T11:48:41","slug":"se-incendio-por-completo-una-camioneta","status":"publish","type":"post","link":"https:\/\/eldiariodesanpedro.com.ar\/sitio\/se-incendio-por-completo-una-camioneta\/","title":{"rendered":"Se incendio por completo una camioneta"},"content":{"rendered":"<p><!-- VideographyWP Plugin Message: Automatic video embedding prevented by plugin options. --><br \/>\nEsta ma\u00f1ana alrededor de las 7:30hs, en el patio de una vivienda ubicada en calle 24 de Febrero al 2000, se produjo un siniestro de una camioneta Toyota Hilux por causas que se tratar de esclarecer.<\/p>\n<p>Seg\u00fan testimonio de su propietario minutos antes habr\u00eda dejado en marcha el veh\u00edculo, que al darle contacto se habr\u00eda producido un desperfecto el\u00e9ctrico que ocasiono el incendio.<\/p>\n","protected":false},"excerpt":{"rendered":"<p>Esta ma\u00f1ana alrededor de las 7:30hs, en el patio de una vivienda ubicada en calle 24 de Febrero al 2000, se produjo un siniestro de una camioneta Toyota Hilux por causas que se tratar de esclarecer. Seg\u00fan testimonio de su propietario minutos antes habr\u00eda dejado en marcha el veh\u00edculo, que al darle contacto se habr\u00eda [&hellip;]<\/p>\n","protected":false},"author":4,"featured_media":39493,"comment_status":"open","ping_status":"closed","sticky":false,"template":"","format":"standard","meta":{"om_disable_all_campaigns":false,"_jetpack_memberships_contains_paid_content":false,"footnotes":""},"categories":[2,103],"tags":[],"class_list":["post-39492","post","type-post","status-publish","format-standard","has-post-thumbnail","hentry","category-locales","category-policiales-locales"],"aioseo_notices":[],"gutentor_comment":0,"jetpack_featured_media_url":"https:\/\/eldiariodesanpedro.com.ar\/sitio\/wp-content\/uploads\/2018\/09\/WhatsApp-Image-2018-09-03-at-08.19.29.jpeg","jetpack_shortlink":"https:\/\/wp.me\/p6RhLt-agY","jetpack_sharing_enabled":true,"_links":{"self":[{"href":"https:\/\/eldiariodesanpedro.com.ar\/sitio\/wp-json\/wp\/v2\/posts\/39492","targetHints":{"allow":["GET"]}}],"collection":[{"href":"https:\/\/eldiariodesanpedro.com.ar\/sitio\/wp-json\/wp\/v2\/posts"}],"about":[{"href":"https:\/\/eldiariodesanpedro.com.ar\/sitio\/wp-json\/wp\/v2\/types\/post"}],"author":[{"embeddable":true,"href":"https:\/\/eldiariodesanpedro.com.ar\/sitio\/wp-json\/wp\/v2\/users\/4"}],"replies":[{"embeddable":true,"href":"https:\/\/eldiariodesanpedro.com.ar\/sitio\/wp-json\/wp\/v2\/comments?post=39492"}],"version-history":[{"count":1,"href":"https:\/\/eldiariodesanpedro.com.ar\/sitio\/wp-json\/wp\/v2\/posts\/39492\/revisions"}],"predecessor-version":[{"id":39497,"href":"https:\/\/eldiariodesanpedro.com.ar\/sitio\/wp-json\/wp\/v2\/posts\/39492\/revisions\/39497"}],"wp:featuredmedia":[{"embeddable":true,"href":"https:\/\/eldiariodesanpedro.com.ar\/sitio\/wp-json\/wp\/v2\/media\/39493"}],"wp:attachment":[{"href":"https:\/\/eldiariodesanpedro.com.ar\/sitio\/wp-json\/wp\/v2\/media?parent=39492"}],"wp:term":[{"taxonomy":"category","embeddable":true,"href":"https:\/\/eldiariodesanpedro.com.ar\/sitio\/wp-json\/wp\/v2\/categories?post=39492"},{"taxonomy":"post_tag","embeddable":true,"href":"https:\/\/eldiariodesanpedro.com.ar\/sitio\/wp-json\/wp\/v2\/tags?post=39492"}],"curies":[{"name":"wp","href":"https:\/\/api.w.org\/{rel}","templated":true}]}}