{"id":39487,"date":"2018-09-02T20:51:58","date_gmt":"2018-09-02T23:51:58","guid":{"rendered":"https:\/\/eldiariodesanpedro.com.ar\/sitio\/?p=39487"},"modified":"2026-01-24T00:11:06","modified_gmt":"2026-01-24T03:11:06","slug":"patin-carrera-en-junin-se-presento-el-equipo-de-rincon-de-los-gauchos","status":"publish","type":"post","link":"https:\/\/eldiariodesanpedro.com.ar\/sitio\/patin-carrera-en-junin-se-presento-el-equipo-de-rincon-de-los-gauchos\/","title":{"rendered":"PAT\u00cdN CARRERA: En Jun\u00edn se present\u00f3 el equipo de \u00abRinc\u00f3n de los gauchos\u00bb"},"content":{"rendered":"<p><!-- VideographyWP Plugin Message: Automatic video embedding prevented by plugin options. --><br \/>\nEl equipo de \u00abRinc\u00f3n de los gauchos\u00bb se present\u00f3 en Jun\u00edn en la 3ra. fecha del Torneo Regional con equipos de la provincia de Buenos Aires.<\/p>\n<p>  En la categor\u00eda \u00abEscuela\u00bb participaron Amparo Sena, Jazm\u00edn Fr\u00edas, Nerina Montenegro; en \u00abFederados Promocional\u00bb fue triunfo de Magdalena Bustos, la flamante campeona nacional.<\/p>\n","protected":false},"excerpt":{"rendered":"<p>El equipo de \u00abRinc\u00f3n de los gauchos\u00bb se present\u00f3 en Jun\u00edn en la 3ra. fecha del Torneo Regional con equipos de la provincia de Buenos Aires. En la categor\u00eda \u00abEscuela\u00bb participaron Amparo Sena, Jazm\u00edn Fr\u00edas, Nerina Montenegro; en \u00abFederados Promocional\u00bb fue triunfo de Magdalena Bustos, la flamante campeona nacional.<\/p>\n","protected":false},"author":4,"featured_media":39488,"comment_status":"open","ping_status":"closed","sticky":false,"template":"","format":"standard","meta":{"om_disable_all_campaigns":false,"_jetpack_memberships_contains_paid_content":false,"footnotes":""},"categories":[5],"tags":[],"class_list":["post-39487","post","type-post","status-publish","format-standard","has-post-thumbnail","hentry","category-deportes"],"aioseo_notices":[],"gutentor_comment":0,"jetpack_featured_media_url":"https:\/\/eldiariodesanpedro.com.ar\/sitio\/wp-content\/uploads\/2018\/09\/Magdalena-Bustos-sigue-cosechando-triunfos.jpg","jetpack_shortlink":"https:\/\/wp.me\/p6RhLt-agT","jetpack_sharing_enabled":true,"_links":{"self":[{"href":"https:\/\/eldiariodesanpedro.com.ar\/sitio\/wp-json\/wp\/v2\/posts\/39487","targetHints":{"allow":["GET"]}}],"collection":[{"href":"https:\/\/eldiariodesanpedro.com.ar\/sitio\/wp-json\/wp\/v2\/posts"}],"about":[{"href":"https:\/\/eldiariodesanpedro.com.ar\/sitio\/wp-json\/wp\/v2\/types\/post"}],"author":[{"embeddable":true,"href":"https:\/\/eldiariodesanpedro.com.ar\/sitio\/wp-json\/wp\/v2\/users\/4"}],"replies":[{"embeddable":true,"href":"https:\/\/eldiariodesanpedro.com.ar\/sitio\/wp-json\/wp\/v2\/comments?post=39487"}],"version-history":[{"count":1,"href":"https:\/\/eldiariodesanpedro.com.ar\/sitio\/wp-json\/wp\/v2\/posts\/39487\/revisions"}],"predecessor-version":[{"id":39491,"href":"https:\/\/eldiariodesanpedro.com.ar\/sitio\/wp-json\/wp\/v2\/posts\/39487\/revisions\/39491"}],"wp:featuredmedia":[{"embeddable":true,"href":"https:\/\/eldiariodesanpedro.com.ar\/sitio\/wp-json\/wp\/v2\/media\/39488"}],"wp:attachment":[{"href":"https:\/\/eldiariodesanpedro.com.ar\/sitio\/wp-json\/wp\/v2\/media?parent=39487"}],"wp:term":[{"taxonomy":"category","embeddable":true,"href":"https:\/\/eldiariodesanpedro.com.ar\/sitio\/wp-json\/wp\/v2\/categories?post=39487"},{"taxonomy":"post_tag","embeddable":true,"href":"https:\/\/eldiariodesanpedro.com.ar\/sitio\/wp-json\/wp\/v2\/tags?post=39487"}],"curies":[{"name":"wp","href":"https:\/\/api.w.org\/{rel}","templated":true}]}}