{"id":39474,"date":"2018-09-02T20:41:15","date_gmt":"2018-09-02T23:41:15","guid":{"rendered":"https:\/\/eldiariodesanpedro.com.ar\/sitio\/?p=39474"},"modified":"2018-09-02T20:41:15","modified_gmt":"2018-09-02T23:41:15","slug":"baradero-a-partir-de-este-lunes-se-suma-un-nuevo-equipo-de-pediatria-al-hospital-lino-pineyro","status":"publish","type":"post","link":"https:\/\/eldiariodesanpedro.com.ar\/sitio\/baradero-a-partir-de-este-lunes-se-suma-un-nuevo-equipo-de-pediatria-al-hospital-lino-pineyro\/","title":{"rendered":"BARADERO: A partir de este lunes se suma un nuevo equipo de \u201cPediatr\u00eda\u201d al Hospital Lino Pi\u00f1eyro"},"content":{"rendered":"<p><!-- VideographyWP Plugin Message: Automatic video embedding prevented by plugin options. --><br \/>\nEl Doctor Julio Robledo estar\u00e1 a cargo del Servicio de Guardia e Internaci\u00f3n de Pediatr\u00eda, junto a la doctora Bonini; organizando un servicio que contar\u00e1 con doce m\u00e9dicos dedicados a la salud de nuestros ni\u00f1os.<\/p>\n<p>  Se ampliar\u00e1 la estructura de guardia permanente, con siete pediatras m\u00e1s y guardias pasivas, que permitir\u00e1 el cuidado de los pacientes internados y la atenci\u00f3n de las consultas y emergencias externas, partos y traslados las 24 hs. del d\u00eda, los 365 d\u00edas del a\u00f1o.<\/p>\n<p>  \u201cPlanteamos un programa en tres etapas que iremos desarrollando, y en el trabajamos desde hace meses, cuya misi\u00f3n es desarrollar un centro de salud p\u00fablica, que ofrezca una atenci\u00f3n de calidad y completa al ni\u00f1o y su familia\u201d, dijo la Intendente Antonijevic.<\/p>\n<p>  \u201cEstoy segura que vamos a tener el mejor equipo pedi\u00e1trico que recuerde la salud de nuestra ciudad y eso nos llena de orgullo por cumplir otro de los desaf\u00edos propuestos, en este camino de mejora constante de nuestro hospital municipal Dr. Lino Pi\u00f1eyro y de agradecimiento a los profesionales con formaci\u00f3n de excelencia que se suman, apostando a la salud p\u00fablica y a nuestra ciudad\u201d, se\u00f1al\u00f3 la Jefa Comunal.<\/p>\n","protected":false},"excerpt":{"rendered":"<p>El Doctor Julio Robledo estar\u00e1 a cargo del Servicio de Guardia e Internaci\u00f3n de Pediatr\u00eda, junto a la doctora Bonini; organizando un servicio que contar\u00e1 con doce m\u00e9dicos dedicados a la salud de nuestros ni\u00f1os. Se ampliar\u00e1 la estructura de guardia permanente, con siete pediatras m\u00e1s y guardias pasivas, que permitir\u00e1 el cuidado de los [&hellip;]<\/p>\n","protected":false},"author":4,"featured_media":39479,"comment_status":"open","ping_status":"closed","sticky":false,"template":"","format":"standard","meta":{"om_disable_all_campaigns":false,"_jetpack_memberships_contains_paid_content":false,"footnotes":""},"categories":[621],"tags":[],"class_list":["post-39474","post","type-post","status-publish","format-standard","has-post-thumbnail","hentry","category-regionales"],"aioseo_notices":[],"gutentor_comment":0,"jetpack_featured_media_url":"https:\/\/eldiariodesanpedro.com.ar\/sitio\/wp-content\/uploads\/2018\/09\/guardia-pediatria-Hospital-Lino-Pi\u00f1eyro.jpg","jetpack_shortlink":"https:\/\/wp.me\/p6RhLt-agG","jetpack_sharing_enabled":true,"_links":{"self":[{"href":"https:\/\/eldiariodesanpedro.com.ar\/sitio\/wp-json\/wp\/v2\/posts\/39474","targetHints":{"allow":["GET"]}}],"collection":[{"href":"https:\/\/eldiariodesanpedro.com.ar\/sitio\/wp-json\/wp\/v2\/posts"}],"about":[{"href":"https:\/\/eldiariodesanpedro.com.ar\/sitio\/wp-json\/wp\/v2\/types\/post"}],"author":[{"embeddable":true,"href":"https:\/\/eldiariodesanpedro.com.ar\/sitio\/wp-json\/wp\/v2\/users\/4"}],"replies":[{"embeddable":true,"href":"https:\/\/eldiariodesanpedro.com.ar\/sitio\/wp-json\/wp\/v2\/comments?post=39474"}],"version-history":[{"count":1,"href":"https:\/\/eldiariodesanpedro.com.ar\/sitio\/wp-json\/wp\/v2\/posts\/39474\/revisions"}],"predecessor-version":[{"id":39481,"href":"https:\/\/eldiariodesanpedro.com.ar\/sitio\/wp-json\/wp\/v2\/posts\/39474\/revisions\/39481"}],"wp:featuredmedia":[{"embeddable":true,"href":"https:\/\/eldiariodesanpedro.com.ar\/sitio\/wp-json\/wp\/v2\/media\/39479"}],"wp:attachment":[{"href":"https:\/\/eldiariodesanpedro.com.ar\/sitio\/wp-json\/wp\/v2\/media?parent=39474"}],"wp:term":[{"taxonomy":"category","embeddable":true,"href":"https:\/\/eldiariodesanpedro.com.ar\/sitio\/wp-json\/wp\/v2\/categories?post=39474"},{"taxonomy":"post_tag","embeddable":true,"href":"https:\/\/eldiariodesanpedro.com.ar\/sitio\/wp-json\/wp\/v2\/tags?post=39474"}],"curies":[{"name":"wp","href":"https:\/\/api.w.org\/{rel}","templated":true}]}}