{"id":39471,"date":"2018-09-02T20:39:38","date_gmt":"2018-09-02T23:39:38","guid":{"rendered":"https:\/\/eldiariodesanpedro.com.ar\/sitio\/?p=39471"},"modified":"2018-09-02T20:39:38","modified_gmt":"2018-09-02T23:39:38","slug":"provincia-aumentan-los-cigarrillos-desde-el-lunes-estos-son-los-nuevos-precios","status":"publish","type":"post","link":"https:\/\/eldiariodesanpedro.com.ar\/sitio\/provincia-aumentan-los-cigarrillos-desde-el-lunes-estos-son-los-nuevos-precios\/","title":{"rendered":"PROVINCIA: Aumentan los cigarrillos desde el lunes: estos son los nuevos precios"},"content":{"rendered":"<p><!-- VideographyWP Plugin Message: Automatic video embedding prevented by plugin options. --><br \/>\nLa suba es del 6,5% en promedio. Es el quinto incremento que aplica la empresa Massalin Particulares en lo que va del a\u00f1o.<\/p>\n<p>  Desde este este lunes se aplicar\u00e1 en el precio de los cigarrillos un nuevo aumento. La empresa Massalin Particulares anunci\u00f3 que la suba, que es la quinta en lo que va del a\u00f1o, ser\u00e1 del 6,5%.<\/p>\n<p>  La nueva lista de precios muestra un aumento de entre $ 3 y $ 5 por etiqueta. Por ejemplo, el Marlboro Box de 20 unidades pasar\u00e1 a costar $ 69 (val\u00eda $ 66) y la versi\u00f3n KS costar\u00e1 $66.<\/p>\n<p>  En un comunicado, la empresa explic\u00f3 que el aumento es \u201cpara hacer frente a una nueva estructura de su matriz de costos, que incluye un incremento del 9% en el impuesto m\u00ednimo a los cigarrillos\u201d, un gravamen que se actualiza trimestralmente de acuerdo con la inflaci\u00f3n.<\/p>\n<p>  Este es el quinto aumento del a\u00f1o, ya que los cigarrillos hab\u00edan incrementado su precio en enero, marzo, abril y julio. En las pr\u00f3ximas horas se espera que la otra distribuidora, British American Tobacco (BAT), tambi\u00e9n anuncie una suba.<\/p>\n<p><img decoding=\"async\" data-attachment-id=\"39476\" data-permalink=\"https:\/\/eldiariodesanpedro.com.ar\/sitio\/provincia-aumentan-los-cigarrillos-desde-el-lunes-estos-son-los-nuevos-precios\/pagina-7-37\/\" data-orig-file=\"https:\/\/eldiariodesanpedro.com.ar\/sitio\/wp-content\/uploads\/2018\/09\/PAGINA-7.jpg\" data-orig-size=\"720,934\" data-comments-opened=\"1\" data-image-meta=\"{&quot;aperture&quot;:&quot;0&quot;,&quot;credit&quot;:&quot;&quot;,&quot;camera&quot;:&quot;&quot;,&quot;caption&quot;:&quot;&quot;,&quot;created_timestamp&quot;:&quot;0&quot;,&quot;copyright&quot;:&quot;&quot;,&quot;focal_length&quot;:&quot;0&quot;,&quot;iso&quot;:&quot;0&quot;,&quot;shutter_speed&quot;:&quot;0&quot;,&quot;title&quot;:&quot;&quot;,&quot;orientation&quot;:&quot;0&quot;}\" data-image-title=\"PAGINA 7\" data-image-description=\"\" data-image-caption=\"\" data-large-file=\"https:\/\/eldiariodesanpedro.com.ar\/sitio\/wp-content\/uploads\/2018\/09\/PAGINA-7.jpg\" data-src=\"https:\/\/eldiariodesanpedro.com.ar\/sitio\/wp-content\/uploads\/2018\/09\/PAGINA-7.jpg\" alt=\"\" width=\"720\" height=\"934\" class=\"alignnone size-full wp-image-39476 lazyload\" data-srcset=\"https:\/\/eldiariodesanpedro.com.ar\/sitio\/wp-content\/uploads\/2018\/09\/PAGINA-7.jpg 720w, https:\/\/eldiariodesanpedro.com.ar\/sitio\/wp-content\/uploads\/2018\/09\/PAGINA-7-231x300.jpg 231w\" data-sizes=\"(max-width: 720px) 100vw, 720px\" src=\"data:image\/svg+xml;base64,PHN2ZyB3aWR0aD0iMSIgaGVpZ2h0PSIxIiB4bWxucz0iaHR0cDovL3d3dy53My5vcmcvMjAwMC9zdmciPjwvc3ZnPg==\" style=\"--smush-placeholder-width: 720px; --smush-placeholder-aspect-ratio: 720\/934;\" \/><\/p>\n","protected":false},"excerpt":{"rendered":"<p>La suba es del 6,5% en promedio. Es el quinto incremento que aplica la empresa Massalin Particulares en lo que va del a\u00f1o. Desde este este lunes se aplicar\u00e1 en el precio de los cigarrillos un nuevo aumento. La empresa Massalin Particulares anunci\u00f3 que la suba, que es la quinta en lo que va del [&hellip;]<\/p>\n","protected":false},"author":4,"featured_media":39475,"comment_status":"open","ping_status":"closed","sticky":false,"template":"","format":"standard","meta":{"om_disable_all_campaigns":false,"_jetpack_memberships_contains_paid_content":false,"footnotes":""},"categories":[621],"tags":[],"class_list":["post-39471","post","type-post","status-publish","format-standard","has-post-thumbnail","hentry","category-regionales"],"aioseo_notices":[],"gutentor_comment":0,"jetpack_featured_media_url":"https:\/\/eldiariodesanpedro.com.ar\/sitio\/wp-content\/uploads\/2018\/09\/cigarrillos.jpg","jetpack_shortlink":"https:\/\/wp.me\/p6RhLt-agD","jetpack_sharing_enabled":true,"_links":{"self":[{"href":"https:\/\/eldiariodesanpedro.com.ar\/sitio\/wp-json\/wp\/v2\/posts\/39471","targetHints":{"allow":["GET"]}}],"collection":[{"href":"https:\/\/eldiariodesanpedro.com.ar\/sitio\/wp-json\/wp\/v2\/posts"}],"about":[{"href":"https:\/\/eldiariodesanpedro.com.ar\/sitio\/wp-json\/wp\/v2\/types\/post"}],"author":[{"embeddable":true,"href":"https:\/\/eldiariodesanpedro.com.ar\/sitio\/wp-json\/wp\/v2\/users\/4"}],"replies":[{"embeddable":true,"href":"https:\/\/eldiariodesanpedro.com.ar\/sitio\/wp-json\/wp\/v2\/comments?post=39471"}],"version-history":[{"count":1,"href":"https:\/\/eldiariodesanpedro.com.ar\/sitio\/wp-json\/wp\/v2\/posts\/39471\/revisions"}],"predecessor-version":[{"id":39477,"href":"https:\/\/eldiariodesanpedro.com.ar\/sitio\/wp-json\/wp\/v2\/posts\/39471\/revisions\/39477"}],"wp:featuredmedia":[{"embeddable":true,"href":"https:\/\/eldiariodesanpedro.com.ar\/sitio\/wp-json\/wp\/v2\/media\/39475"}],"wp:attachment":[{"href":"https:\/\/eldiariodesanpedro.com.ar\/sitio\/wp-json\/wp\/v2\/media?parent=39471"}],"wp:term":[{"taxonomy":"category","embeddable":true,"href":"https:\/\/eldiariodesanpedro.com.ar\/sitio\/wp-json\/wp\/v2\/categories?post=39471"},{"taxonomy":"post_tag","embeddable":true,"href":"https:\/\/eldiariodesanpedro.com.ar\/sitio\/wp-json\/wp\/v2\/tags?post=39471"}],"curies":[{"name":"wp","href":"https:\/\/api.w.org\/{rel}","templated":true}]}}