{"id":39468,"date":"2018-09-02T20:35:06","date_gmt":"2018-09-02T23:35:06","guid":{"rendered":"https:\/\/eldiariodesanpedro.com.ar\/sitio\/?p=39468"},"modified":"2018-09-02T20:35:06","modified_gmt":"2018-09-02T23:35:06","slug":"arrecifes-esta-semana-se-inaugura-punto-digital-en-la-estacion-de-la-juventud","status":"publish","type":"post","link":"https:\/\/eldiariodesanpedro.com.ar\/sitio\/arrecifes-esta-semana-se-inaugura-punto-digital-en-la-estacion-de-la-juventud\/","title":{"rendered":"ARRECIFES:  Esta semana se inaugura Punto Digital en la Estaci\u00f3n de la Juventud"},"content":{"rendered":"<p><!-- VideographyWP Plugin Message: Automatic video embedding prevented by plugin options. --><br \/>\nEl intendente Javier Olaeta anunci\u00f3 la inauguraci\u00f3n formal del espacio Punto Digital en la Estaci\u00f3n de la Juventud. El acto oficial se realizar\u00e1 el pr\u00f3ximo jueves 6 de septiembre a las 11:30.<\/p>\n<p>  Punto Digital es un nuevo emprendimiento del Gobierno nacional que tiene alguna similitud con el lanzado durante la gesti\u00f3n el kirchnerismo, denominado NAC (N\u00facleo de Acceso al Conocimiento), que tantas pol\u00e9micas gener\u00f3 en Arrecifes cuando se recibi\u00f3 en 2015 una gran cantidad de equipamiento en el CIC para la Sociedad Espa\u00f1ola y luego ese diluy\u00f3 con el cambio de gobierno.<\/p>\n<p>  El pasado mes de junio, por gestiones ante el Ministerio de Modernizaci\u00f3n de la Naci\u00f3n, la Municipalidad de Arrecifes logr\u00f3 el env\u00edo de un nuevo importante equipamiento para desarrollar Punto Digital en nuestra ciudad y la semana que viene ya quedar\u00e1 inaugurado en la Estaci\u00f3n de la Juventud.<\/p>\n<p><strong>\u00bfQU\u00c9 ES UN PUNTO DIGITAL?<\/strong><br \/>\n  Un espacio p\u00fablico de inclusi\u00f3n digital que brinda conectividad, capacitaciones y acceso a las nuevas Tecnolog\u00edas de la Informaci\u00f3n y de la Comunicaci\u00f3n (TIC).<\/p>\n<p><strong>\u00bfQU\u00c9 VAS A ENCONTRAR?<\/strong><br \/>\n  Computadoras conectadas a Internet para que puedas capacitarte, consolas de videojuegos para que te diviertas y una sala de cine para que veas pel\u00edculas y participes de talleres.<\/p>\n<p><strong>\u00bfQUI\u00c9NES PUEDEN PARTICIPAR?<\/strong><br \/>\n  Absolutamente todos. Hay actividades para chicos, adolescentes, j\u00f3venes, grandes y adultos mayores.<\/p>\n<p><em>El equipamiento recibido consta de:<\/em><br \/>\n\u2013 17 Notebooks<br \/>\n\u2013 3 Leds<br \/>\n\u2013 1 Home Theater<br \/>\n\u2013 1 Gabinete M\u00f3vil<br \/>\n\u2013 1 Proyector<br \/>\n\u2013 1 Filmadora<br \/>\n\u2013 1 C\u00e1mara digital<br \/>\n\u2013 2 Tablets<br \/>\n\u2013 1 Router<br \/>\n\u2013 2 Consolas de juegos<br \/>\n\u2013 1 Web Cam<br \/>\n\u2013 1 Anteojos 3D<br \/>\n\u2013 1 Consola de Juegos<br \/>\n\u2013 1 Micr\u00f3fono<\/p>\n<p>Fuente: Arrecifes Noticias<\/p>\n","protected":false},"excerpt":{"rendered":"<p>El intendente Javier Olaeta anunci\u00f3 la inauguraci\u00f3n formal del espacio Punto Digital en la Estaci\u00f3n de la Juventud. El acto oficial se realizar\u00e1 el pr\u00f3ximo jueves 6 de septiembre a las 11:30. Punto Digital es un nuevo emprendimiento del Gobierno nacional que tiene alguna similitud con el lanzado durante la gesti\u00f3n el kirchnerismo, denominado NAC [&hellip;]<\/p>\n","protected":false},"author":4,"featured_media":39470,"comment_status":"open","ping_status":"closed","sticky":false,"template":"","format":"standard","meta":{"om_disable_all_campaigns":false,"_jetpack_memberships_contains_paid_content":false,"footnotes":""},"categories":[621],"tags":[],"class_list":["post-39468","post","type-post","status-publish","format-standard","has-post-thumbnail","hentry","category-regionales"],"aioseo_notices":[],"gutentor_comment":0,"jetpack_featured_media_url":"https:\/\/eldiariodesanpedro.com.ar\/sitio\/wp-content\/uploads\/2018\/09\/Punto-Digital-La-Estacion-.jpg","jetpack_shortlink":"https:\/\/wp.me\/p6RhLt-agA","jetpack_sharing_enabled":true,"_links":{"self":[{"href":"https:\/\/eldiariodesanpedro.com.ar\/sitio\/wp-json\/wp\/v2\/posts\/39468","targetHints":{"allow":["GET"]}}],"collection":[{"href":"https:\/\/eldiariodesanpedro.com.ar\/sitio\/wp-json\/wp\/v2\/posts"}],"about":[{"href":"https:\/\/eldiariodesanpedro.com.ar\/sitio\/wp-json\/wp\/v2\/types\/post"}],"author":[{"embeddable":true,"href":"https:\/\/eldiariodesanpedro.com.ar\/sitio\/wp-json\/wp\/v2\/users\/4"}],"replies":[{"embeddable":true,"href":"https:\/\/eldiariodesanpedro.com.ar\/sitio\/wp-json\/wp\/v2\/comments?post=39468"}],"version-history":[{"count":2,"href":"https:\/\/eldiariodesanpedro.com.ar\/sitio\/wp-json\/wp\/v2\/posts\/39468\/revisions"}],"predecessor-version":[{"id":39473,"href":"https:\/\/eldiariodesanpedro.com.ar\/sitio\/wp-json\/wp\/v2\/posts\/39468\/revisions\/39473"}],"wp:featuredmedia":[{"embeddable":true,"href":"https:\/\/eldiariodesanpedro.com.ar\/sitio\/wp-json\/wp\/v2\/media\/39470"}],"wp:attachment":[{"href":"https:\/\/eldiariodesanpedro.com.ar\/sitio\/wp-json\/wp\/v2\/media?parent=39468"}],"wp:term":[{"taxonomy":"category","embeddable":true,"href":"https:\/\/eldiariodesanpedro.com.ar\/sitio\/wp-json\/wp\/v2\/categories?post=39468"},{"taxonomy":"post_tag","embeddable":true,"href":"https:\/\/eldiariodesanpedro.com.ar\/sitio\/wp-json\/wp\/v2\/tags?post=39468"}],"curies":[{"name":"wp","href":"https:\/\/api.w.org\/{rel}","templated":true}]}}