{"id":39465,"date":"2018-09-02T20:33:33","date_gmt":"2018-09-02T23:33:33","guid":{"rendered":"https:\/\/eldiariodesanpedro.com.ar\/sitio\/?p=39465"},"modified":"2018-09-02T20:33:33","modified_gmt":"2018-09-02T23:33:33","slug":"ramallo-hallazgo-de-restos-fosiles-de-una-ballena-en-el-arroyo-las-hermanas","status":"publish","type":"post","link":"https:\/\/eldiariodesanpedro.com.ar\/sitio\/ramallo-hallazgo-de-restos-fosiles-de-una-ballena-en-el-arroyo-las-hermanas\/","title":{"rendered":"RAMALLO: Hallazgo de restos f\u00f3siles de una ballena en el Arroyo Las Hermanas"},"content":{"rendered":"<p><!-- VideographyWP Plugin Message: Automatic video embedding prevented by plugin options. --><br \/>\nEl d\u00eda 23 de Julio, a partir de la bajante excepcional que se registra en el r\u00edo Paran\u00e1 desde hace 15 d\u00edas, el referente en el \u00c1rea Paleontol\u00f3gica del OPAP Litoral Norte, DamianVoglino, reconoci\u00f3 restos \u00f3seos de una ballena (cet\u00e1ceo) dentro de los sedimentos de la margen derecha del Arroyo de Las Hermanas.<\/p>\n<p>  El material consiste en, siete v\u00e9rtebras caudales o lumbares. El trabajo se enmarca en el proyecto de investigaci\u00f3n arqueol\u00f3gica sobre el humedal del r\u00edo Paran\u00e1 Inferior a cargo de Dr. Daniel Loponte (CONICET-INAPL)<br \/>\n  El trabajo es coordinado por el ramallense Dami\u00e1n Voglino con la colaboraci\u00f3n del Licenciado Jorge Liotta y equipo de trabajo del Museo de Ciencias Naturales A. Scasso (San Nicol\u00e1s) y Miguel \u00c1ngel Lugo del Museo Hist\u00f3rico H\u00e9rcules Rabagliatti de Ramallo.<\/p>\n<p>  Durante el Holoceno Medio se verific\u00f3 la \u00faltima de las ingresiones marinas que modificaron dr\u00e1sticamente el paisaje del tramo final del r\u00edo Paran\u00e1, transform\u00e1ndolo en un ambiente de estuarios donde tuvo lugar el dep\u00f3sito de los restos del primer cet\u00e1ceo registrado para la regi\u00f3n.<\/p>\n<p>  Miguel \u00c1ngel Lugo, parte del equipo que realiz\u00f3 el hallazgo y referente del Museo H\u00e9rcules Rabagliati de la ciudad de Ramallo, remarc\u00f3 que en 1998 hall\u00f3 restos de un ballena en otra zona del arroyo Las Hermanas tambi\u00e9n en una pronunciada bajante del r\u00edo Paran\u00e1, lo novedoso de ese descubrimiento es que ten\u00eda vestigios humanos indicando que el paso del hombre por esa zona data de muchos a\u00f1os antes de lo que se cre\u00eda.<\/p>\n<p>  Para Lugo el hallazgo de estos restos f\u00f3siles \u00abnos cuenta c\u00f3mo era el ambiente donde vivieron y murieron estas ballenas hace decenas de siglos atr\u00e1s, cuando el mar ingres\u00f3 m\u00e1s de 200 kil\u00f3metros adentro de su lugar actual\u00bb.<\/p>\n<p>Fuente: La Radio Ramallo<\/p>\n","protected":false},"excerpt":{"rendered":"<p>El d\u00eda 23 de Julio, a partir de la bajante excepcional que se registra en el r\u00edo Paran\u00e1 desde hace 15 d\u00edas, el referente en el \u00c1rea Paleontol\u00f3gica del OPAP Litoral Norte, DamianVoglino, reconoci\u00f3 restos \u00f3seos de una ballena (cet\u00e1ceo) dentro de los sedimentos de la margen derecha del Arroyo de Las Hermanas. El material [&hellip;]<\/p>\n","protected":false},"author":4,"featured_media":39467,"comment_status":"open","ping_status":"closed","sticky":false,"template":"","format":"standard","meta":{"om_disable_all_campaigns":false,"_jetpack_memberships_contains_paid_content":false,"footnotes":""},"categories":[2],"tags":[],"class_list":["post-39465","post","type-post","status-publish","format-standard","has-post-thumbnail","hentry","category-locales"],"aioseo_notices":[],"gutentor_comment":0,"jetpack_featured_media_url":"https:\/\/eldiariodesanpedro.com.ar\/sitio\/wp-content\/uploads\/2018\/09\/Hallazgo-de-restos-f\u00f3siles-de-una-ballena-en-el-Arroyo-Las-Hermanas.jpg","jetpack_shortlink":"https:\/\/wp.me\/p6RhLt-agx","jetpack_sharing_enabled":true,"_links":{"self":[{"href":"https:\/\/eldiariodesanpedro.com.ar\/sitio\/wp-json\/wp\/v2\/posts\/39465","targetHints":{"allow":["GET"]}}],"collection":[{"href":"https:\/\/eldiariodesanpedro.com.ar\/sitio\/wp-json\/wp\/v2\/posts"}],"about":[{"href":"https:\/\/eldiariodesanpedro.com.ar\/sitio\/wp-json\/wp\/v2\/types\/post"}],"author":[{"embeddable":true,"href":"https:\/\/eldiariodesanpedro.com.ar\/sitio\/wp-json\/wp\/v2\/users\/4"}],"replies":[{"embeddable":true,"href":"https:\/\/eldiariodesanpedro.com.ar\/sitio\/wp-json\/wp\/v2\/comments?post=39465"}],"version-history":[{"count":1,"href":"https:\/\/eldiariodesanpedro.com.ar\/sitio\/wp-json\/wp\/v2\/posts\/39465\/revisions"}],"predecessor-version":[{"id":39469,"href":"https:\/\/eldiariodesanpedro.com.ar\/sitio\/wp-json\/wp\/v2\/posts\/39465\/revisions\/39469"}],"wp:featuredmedia":[{"embeddable":true,"href":"https:\/\/eldiariodesanpedro.com.ar\/sitio\/wp-json\/wp\/v2\/media\/39467"}],"wp:attachment":[{"href":"https:\/\/eldiariodesanpedro.com.ar\/sitio\/wp-json\/wp\/v2\/media?parent=39465"}],"wp:term":[{"taxonomy":"category","embeddable":true,"href":"https:\/\/eldiariodesanpedro.com.ar\/sitio\/wp-json\/wp\/v2\/categories?post=39465"},{"taxonomy":"post_tag","embeddable":true,"href":"https:\/\/eldiariodesanpedro.com.ar\/sitio\/wp-json\/wp\/v2\/tags?post=39465"}],"curies":[{"name":"wp","href":"https:\/\/api.w.org\/{rel}","templated":true}]}}