{"id":39462,"date":"2018-09-02T20:32:05","date_gmt":"2018-09-02T23:32:05","guid":{"rendered":"https:\/\/eldiariodesanpedro.com.ar\/sitio\/?p=39462"},"modified":"2018-09-02T20:32:05","modified_gmt":"2018-09-02T23:32:05","slug":"presentaron-proyecto-para-mosaiquear-la-escalera-frente-al-paseo-publico","status":"publish","type":"post","link":"https:\/\/eldiariodesanpedro.com.ar\/sitio\/presentaron-proyecto-para-mosaiquear-la-escalera-frente-al-paseo-publico\/","title":{"rendered":"Presentaron proyecto para mosaiquear la escalera frente al Paseo P\u00fablico"},"content":{"rendered":"<p><!-- VideographyWP Plugin Message: Automatic video embedding prevented by plugin options. --><br \/>\nLas artistas Mariana Maroli y Mar\u00eda Luz M\u00e9ndez dieron a conocer detalles del trabajo que efectuar\u00e1n sobre uno de los espacios inaugurados hace poco tiempo.<\/p>\n<p>  En el establecimiento Las Amalias fue presentado el proyecto que tiene como origen embellecer y dar identidad a las escalinatas inauguradas hace poco tiempo sobre las barrancas frente al Paseo P\u00fablico Municipal.<br \/>\n  Las encargadas del proyecto son las artistas Mariana Maroli y Mar\u00eda Luz M\u00e9ndez, quienes adem\u00e1s de mostrar qu\u00e9 tipo de trabajo realizan en ese lugar mostraron cu\u00e1l es el que sistema que aplicar\u00e1n para desarrollar el proyecto<br \/>\n  El mural ser\u00e1 colocado el pr\u00f3ximo 21 de septiembre y estar\u00e1 ubicado sobre la parte superior de la escalera, y es la primera de varias etapas a cumplir.<\/p>\n<p>  \u00abVemos que la gente nos reconoce por las naranjas, frutas, rosas, jazmines y el cereal, y la idea fue juntar todos estos objetos por los que los turistas nos reconocen y plasmarlo en este peque\u00f1o muralito que va a ser la entrada a la escalera\u00bb, se\u00f1al\u00f3 Mariana Maroli.<\/p>\n<p>  Adem\u00e1s, M\u00e9ndez destac\u00f3 que ser\u00e1 importante que quien desee, colabore para poder acelerar el trabajo:<br \/>\n  \u00abQuiero hacer hincapi\u00e9 en la importancia de la participaci\u00f3n de los vecinos. Muchos artistas y alumnos se comunicaron para poder enviarnos su aplique, mosaico o cer\u00e1mica para dejar su huella en la escalera. Si todos participamos nos apropiamos de esos espacios. El proyecto es extensivo, no solamente de nosotras dos\u00bb, dijo Mar\u00eda Luz M\u00e9ndez. <\/p>\n<p>Fuente: San Pedro Informa<\/p>\n","protected":false},"excerpt":{"rendered":"<p>Las artistas Mariana Maroli y Mar\u00eda Luz M\u00e9ndez dieron a conocer detalles del trabajo que efectuar\u00e1n sobre uno de los espacios inaugurados hace poco tiempo. En el establecimiento Las Amalias fue presentado el proyecto que tiene como origen embellecer y dar identidad a las escalinatas inauguradas hace poco tiempo sobre las barrancas frente al Paseo [&hellip;]<\/p>\n","protected":false},"author":4,"featured_media":39464,"comment_status":"open","ping_status":"closed","sticky":false,"template":"","format":"standard","meta":{"om_disable_all_campaigns":false,"_jetpack_memberships_contains_paid_content":false,"footnotes":""},"categories":[101,2],"tags":[],"class_list":["post-39462","post","type-post","status-publish","format-standard","has-post-thumbnail","hentry","category-interes-general-locales","category-locales"],"aioseo_notices":[],"gutentor_comment":0,"jetpack_featured_media_url":"https:\/\/eldiariodesanpedro.com.ar\/sitio\/wp-content\/uploads\/2018\/09\/Las-artistas-Mariana-Maroli-y-Mar\u00eda-Luz-M\u00e9ndez.jpg","jetpack_shortlink":"https:\/\/wp.me\/p6RhLt-agu","jetpack_sharing_enabled":true,"_links":{"self":[{"href":"https:\/\/eldiariodesanpedro.com.ar\/sitio\/wp-json\/wp\/v2\/posts\/39462","targetHints":{"allow":["GET"]}}],"collection":[{"href":"https:\/\/eldiariodesanpedro.com.ar\/sitio\/wp-json\/wp\/v2\/posts"}],"about":[{"href":"https:\/\/eldiariodesanpedro.com.ar\/sitio\/wp-json\/wp\/v2\/types\/post"}],"author":[{"embeddable":true,"href":"https:\/\/eldiariodesanpedro.com.ar\/sitio\/wp-json\/wp\/v2\/users\/4"}],"replies":[{"embeddable":true,"href":"https:\/\/eldiariodesanpedro.com.ar\/sitio\/wp-json\/wp\/v2\/comments?post=39462"}],"version-history":[{"count":1,"href":"https:\/\/eldiariodesanpedro.com.ar\/sitio\/wp-json\/wp\/v2\/posts\/39462\/revisions"}],"predecessor-version":[{"id":39466,"href":"https:\/\/eldiariodesanpedro.com.ar\/sitio\/wp-json\/wp\/v2\/posts\/39462\/revisions\/39466"}],"wp:featuredmedia":[{"embeddable":true,"href":"https:\/\/eldiariodesanpedro.com.ar\/sitio\/wp-json\/wp\/v2\/media\/39464"}],"wp:attachment":[{"href":"https:\/\/eldiariodesanpedro.com.ar\/sitio\/wp-json\/wp\/v2\/media?parent=39462"}],"wp:term":[{"taxonomy":"category","embeddable":true,"href":"https:\/\/eldiariodesanpedro.com.ar\/sitio\/wp-json\/wp\/v2\/categories?post=39462"},{"taxonomy":"post_tag","embeddable":true,"href":"https:\/\/eldiariodesanpedro.com.ar\/sitio\/wp-json\/wp\/v2\/tags?post=39462"}],"curies":[{"name":"wp","href":"https:\/\/api.w.org\/{rel}","templated":true}]}}