{"id":39458,"date":"2018-09-02T20:29:05","date_gmt":"2018-09-02T23:29:05","guid":{"rendered":"https:\/\/eldiariodesanpedro.com.ar\/sitio\/?p=39458"},"modified":"2018-09-02T20:29:05","modified_gmt":"2018-09-02T23:29:05","slug":"incendio-destruyo-parte-de-una-vivienda","status":"publish","type":"post","link":"https:\/\/eldiariodesanpedro.com.ar\/sitio\/incendio-destruyo-parte-de-una-vivienda\/","title":{"rendered":"Incendio destruy\u00f3 parte de una vivienda"},"content":{"rendered":"<p><!-- VideographyWP Plugin Message: Automatic video embedding prevented by plugin options. --><br \/>\nSucedi\u00f3 en la casa del arquitecto Diego Chediak. El fuego se inici\u00f3 en una palmera y se generaliz\u00f3 en un primer piso. <\/p>\n<p>  Un incendio de proporciones originado en una vivienda de dos plantas, ubicada en la intersecci\u00f3n de las calles Fray Cayetano Rodr\u00edguez y Bottaro, provoc\u00f3 importantes p\u00e9rdidas.<\/p>\n<p>  Aconteci\u00f3 cerca de las 20 hs del viernes en la propiedad del arquitecto Diego Chediak y la abogada Paola Basso. El siniestro se origin\u00f3 en una palmera que se encuentra dentro de la misma casa y se extendi\u00f3 hacia un primer piso donde la estructura es completamente de madera. <\/p>\n<p>  Dos dotaciones del cuerpo de Bomberos Voluntarios trabajaron m\u00e1s de una hora para poder circunscribir las llamas y extinguirlo por completo. Al momento de comenzar el incendio la familia se encontraba en la casa, pero ante las primeras se\u00f1ales lograron salir sin ning\u00fan tipo de inconvenientes.  <\/p>\n<p>Fuente: San Pedro Informa<\/p>\n","protected":false},"excerpt":{"rendered":"<p>Sucedi\u00f3 en la casa del arquitecto Diego Chediak. El fuego se inici\u00f3 en una palmera y se generaliz\u00f3 en un primer piso. Un incendio de proporciones originado en una vivienda de dos plantas, ubicada en la intersecci\u00f3n de las calles Fray Cayetano Rodr\u00edguez y Bottaro, provoc\u00f3 importantes p\u00e9rdidas. Aconteci\u00f3 cerca de las 20 hs del [&hellip;]<\/p>\n","protected":false},"author":4,"featured_media":39461,"comment_status":"open","ping_status":"closed","sticky":false,"template":"","format":"standard","meta":{"om_disable_all_campaigns":false,"_jetpack_memberships_contains_paid_content":false,"footnotes":""},"categories":[2,103],"tags":[],"class_list":["post-39458","post","type-post","status-publish","format-standard","has-post-thumbnail","hentry","category-locales","category-policiales-locales"],"aioseo_notices":[],"gutentor_comment":0,"jetpack_featured_media_url":"https:\/\/eldiariodesanpedro.com.ar\/sitio\/wp-content\/uploads\/2018\/09\/El-domicilio-donde-se-produjo-el-incendio.jpg","jetpack_shortlink":"https:\/\/wp.me\/p6RhLt-agq","jetpack_sharing_enabled":true,"_links":{"self":[{"href":"https:\/\/eldiariodesanpedro.com.ar\/sitio\/wp-json\/wp\/v2\/posts\/39458","targetHints":{"allow":["GET"]}}],"collection":[{"href":"https:\/\/eldiariodesanpedro.com.ar\/sitio\/wp-json\/wp\/v2\/posts"}],"about":[{"href":"https:\/\/eldiariodesanpedro.com.ar\/sitio\/wp-json\/wp\/v2\/types\/post"}],"author":[{"embeddable":true,"href":"https:\/\/eldiariodesanpedro.com.ar\/sitio\/wp-json\/wp\/v2\/users\/4"}],"replies":[{"embeddable":true,"href":"https:\/\/eldiariodesanpedro.com.ar\/sitio\/wp-json\/wp\/v2\/comments?post=39458"}],"version-history":[{"count":1,"href":"https:\/\/eldiariodesanpedro.com.ar\/sitio\/wp-json\/wp\/v2\/posts\/39458\/revisions"}],"predecessor-version":[{"id":39463,"href":"https:\/\/eldiariodesanpedro.com.ar\/sitio\/wp-json\/wp\/v2\/posts\/39458\/revisions\/39463"}],"wp:featuredmedia":[{"embeddable":true,"href":"https:\/\/eldiariodesanpedro.com.ar\/sitio\/wp-json\/wp\/v2\/media\/39461"}],"wp:attachment":[{"href":"https:\/\/eldiariodesanpedro.com.ar\/sitio\/wp-json\/wp\/v2\/media?parent=39458"}],"wp:term":[{"taxonomy":"category","embeddable":true,"href":"https:\/\/eldiariodesanpedro.com.ar\/sitio\/wp-json\/wp\/v2\/categories?post=39458"},{"taxonomy":"post_tag","embeddable":true,"href":"https:\/\/eldiariodesanpedro.com.ar\/sitio\/wp-json\/wp\/v2\/tags?post=39458"}],"curies":[{"name":"wp","href":"https:\/\/api.w.org\/{rel}","templated":true}]}}