{"id":39456,"date":"2018-09-02T20:24:06","date_gmt":"2018-09-02T23:24:06","guid":{"rendered":"https:\/\/eldiariodesanpedro.com.ar\/sitio\/?p=39456"},"modified":"2018-09-02T20:24:06","modified_gmt":"2018-09-02T23:24:06","slug":"reparacion-historica-solo-se-suspendera-a-quienes-no-hayan-completado-el-primer-paso-de-aceptacion-por-web","status":"publish","type":"post","link":"https:\/\/eldiariodesanpedro.com.ar\/sitio\/reparacion-historica-solo-se-suspendera-a-quienes-no-hayan-completado-el-primer-paso-de-aceptacion-por-web\/","title":{"rendered":"Reparaci\u00f3n Hist\u00f3rica: S\u00f3lo se suspender\u00e1 a quienes no hayan completado el primer paso de aceptaci\u00f3n por web"},"content":{"rendered":"<p><!-- VideographyWP Plugin Message: Automatic video embedding prevented by plugin options. --><br \/>\nEn este sentido, las personas que cobran anticipadamente y s\u00ed aceptaron la propuesta tienen 30 d\u00edas m\u00e1s para designar un abogado y firmar el acuerdo con huella digital para finalizar el tr\u00e1mite. <\/p>\n<p>  En el marco del vencimiento del plazo del 31 de agosto para que los jubilados y pensionados que cobran la Reparaci\u00f3n Hist\u00f3rica de manera anticipada puedan terminar el tr\u00e1mite, ANSES informa que, a partir del 1\u00ba de septiembre, solo suspender\u00e1 los aumentos de quienes no aceptaron la propuesta por la web, es decir, no completaron el primer paso. Las personas que s\u00ed lo hicieron tienen un mes m\u00e1s para designar a un abogado, firmar el acuerdo con huella digital y as\u00ed concluir la gesti\u00f3n. <\/p>\n<p>  Asimismo, los que acreditaron ante el organismo la imposibilidad de moverse, una enfermedad terminal o ser mayores de 90 a\u00f1os seguir\u00e1n cobrando el aumento anticipado. En este sentido, ANSES est\u00e1 dise\u00f1ando un plan de contingencia y atenci\u00f3n personalizada para los casos de extrema vulnerabilidad que no certificaron tal circunstancia a\u00fan en las oficinas de ANSES y as\u00ed rehabilitar el aumento lo antes posible.<br \/>\n  Durante este \u00faltimo mes, 75.000 personas aceptaron la propuesta, en tanto, 1.333.868 jubilados y pensionados cobran un 35% m\u00e1s gracias al Programa.<\/p>\n<p><strong>  Tres pasos para la Reparaci\u00f3n Hist\u00f3rica<\/strong><\/p>\n<p>1. Aceptar el acuerdo: desde www.anses.gob.ar, la persona tendr\u00e1 que ingresar a la secci\u00f3n Accesos R\u00e1pidos, opci\u00f3n Mi ANSES, con su CUIL y la Clave de la Seguridad Social, visualizar la propuesta y aceptarla.<br \/>\n2. Designar a un abogado patrocinante: en la secci\u00f3n Mi ANSES, la persona debe ingresar el n\u00famero de CUIL\/CUIT de su abogado para que lo acompa\u00f1e durante el tr\u00e1mite.<br \/>\n3. Firmar el acuerdo: tanto beneficiario como abogado deben acercarse a una oficina de ANSES (con turno previo), o bien, en las terminales del organismo disponibles (sin turno) en las delegaciones mencionadas en www.anses.gob.ar, secci\u00f3n Accesos R\u00e1pidos, opci\u00f3n Reparaci\u00f3n Hist\u00f3rica, Procedimiento, Suscripci\u00f3n del acuerdo, para firmar el acuerdo (www.anses.gob.ar\/reparacionhistorica\/suscripcion-del-acuerdo-en-tae.html).<br \/>\nPosteriormente, ANSES enviar\u00e1 el acuerdo a la Justicia para su homologaci\u00f3n. <\/p>\n","protected":false},"excerpt":{"rendered":"<p>En este sentido, las personas que cobran anticipadamente y s\u00ed aceptaron la propuesta tienen 30 d\u00edas m\u00e1s para designar un abogado y firmar el acuerdo con huella digital para finalizar el tr\u00e1mite. En el marco del vencimiento del plazo del 31 de agosto para que los jubilados y pensionados que cobran la Reparaci\u00f3n Hist\u00f3rica de [&hellip;]<\/p>\n","protected":false},"author":4,"featured_media":3392,"comment_status":"open","ping_status":"closed","sticky":false,"template":"","format":"standard","meta":{"om_disable_all_campaigns":false,"_jetpack_memberships_contains_paid_content":false,"footnotes":""},"categories":[101,2],"tags":[],"class_list":["post-39456","post","type-post","status-publish","format-standard","has-post-thumbnail","hentry","category-interes-general-locales","category-locales"],"aioseo_notices":[],"gutentor_comment":0,"jetpack_featured_media_url":"https:\/\/eldiariodesanpedro.com.ar\/sitio\/wp-content\/uploads\/2016\/04\/MAT7-ANSES2.jpg","jetpack_shortlink":"https:\/\/wp.me\/p6RhLt-ago","jetpack_sharing_enabled":true,"_links":{"self":[{"href":"https:\/\/eldiariodesanpedro.com.ar\/sitio\/wp-json\/wp\/v2\/posts\/39456","targetHints":{"allow":["GET"]}}],"collection":[{"href":"https:\/\/eldiariodesanpedro.com.ar\/sitio\/wp-json\/wp\/v2\/posts"}],"about":[{"href":"https:\/\/eldiariodesanpedro.com.ar\/sitio\/wp-json\/wp\/v2\/types\/post"}],"author":[{"embeddable":true,"href":"https:\/\/eldiariodesanpedro.com.ar\/sitio\/wp-json\/wp\/v2\/users\/4"}],"replies":[{"embeddable":true,"href":"https:\/\/eldiariodesanpedro.com.ar\/sitio\/wp-json\/wp\/v2\/comments?post=39456"}],"version-history":[{"count":2,"href":"https:\/\/eldiariodesanpedro.com.ar\/sitio\/wp-json\/wp\/v2\/posts\/39456\/revisions"}],"predecessor-version":[{"id":39460,"href":"https:\/\/eldiariodesanpedro.com.ar\/sitio\/wp-json\/wp\/v2\/posts\/39456\/revisions\/39460"}],"wp:featuredmedia":[{"embeddable":true,"href":"https:\/\/eldiariodesanpedro.com.ar\/sitio\/wp-json\/wp\/v2\/media\/3392"}],"wp:attachment":[{"href":"https:\/\/eldiariodesanpedro.com.ar\/sitio\/wp-json\/wp\/v2\/media?parent=39456"}],"wp:term":[{"taxonomy":"category","embeddable":true,"href":"https:\/\/eldiariodesanpedro.com.ar\/sitio\/wp-json\/wp\/v2\/categories?post=39456"},{"taxonomy":"post_tag","embeddable":true,"href":"https:\/\/eldiariodesanpedro.com.ar\/sitio\/wp-json\/wp\/v2\/tags?post=39456"}],"curies":[{"name":"wp","href":"https:\/\/api.w.org\/{rel}","templated":true}]}}