{"id":39450,"date":"2018-09-02T20:21:41","date_gmt":"2018-09-02T23:21:41","guid":{"rendered":"https:\/\/eldiariodesanpedro.com.ar\/sitio\/?p=39450"},"modified":"2018-09-02T20:21:41","modified_gmt":"2018-09-02T23:21:41","slug":"se-realizaron-tres-clausuras-en-operativos-de-nocturnidad","status":"publish","type":"post","link":"https:\/\/eldiariodesanpedro.com.ar\/sitio\/se-realizaron-tres-clausuras-en-operativos-de-nocturnidad\/","title":{"rendered":"Se realizaron tres clausuras en operativos de nocturnidad"},"content":{"rendered":"<p><!-- VideographyWP Plugin Message: Automatic video embedding prevented by plugin options. --><br \/>\n  Durante la madrugada de este domingo, alrededor de la 00:50 hs se realiz\u00f3 la clausura de un sal\u00f3n de eventos donde se realizaba una fiesta organizada a trav\u00e9s de las redes sociales.<br \/>\n  El Control de Nocturnidad se present\u00f3 en el comercio cuyo rubro es \u201csal\u00f3n de fiestas\u201d, ubicado sobre calle Fray Cayetano Rodr\u00edguez al 300, donde los presentes se convocaban por redes sociales.<br \/>\n  Se clausur\u00f3 por falta de habilitaci\u00f3n y falta del REBA, lo que no permit\u00eda al lugar realizar la venta de bebidas alcoh\u00f3licas.<br \/>\n  Se dispuso su clausura y el secuestro de la mercader\u00eda existente en el lugar con la intervenci\u00f3n del Juzgado de Paz local.<br \/>\n  Adem\u00e1s, tambi\u00e9n realizaron la clausura de los locales bailables \u00abLa Brava\u00bb y \u00abTequila\u00bb en la localidad de Santa Luc\u00eda, por presencia de menores y REBA vencido.<\/p>\n","protected":false},"excerpt":{"rendered":"<p>Durante la madrugada de este domingo, alrededor de la 00:50 hs se realiz\u00f3 la clausura de un sal\u00f3n de eventos donde se realizaba una fiesta organizada a trav\u00e9s de las redes sociales. El Control de Nocturnidad se present\u00f3 en el comercio cuyo rubro es \u201csal\u00f3n de fiestas\u201d, ubicado sobre calle Fray Cayetano Rodr\u00edguez al 300, [&hellip;]<\/p>\n","protected":false},"author":4,"featured_media":39451,"comment_status":"open","ping_status":"closed","sticky":false,"template":"","format":"standard","meta":{"om_disable_all_campaigns":false,"_jetpack_memberships_contains_paid_content":false,"footnotes":""},"categories":[2,103],"tags":[],"class_list":["post-39450","post","type-post","status-publish","format-standard","has-post-thumbnail","hentry","category-locales","category-policiales-locales"],"aioseo_notices":[],"gutentor_comment":0,"jetpack_featured_media_url":"https:\/\/eldiariodesanpedro.com.ar\/sitio\/wp-content\/uploads\/2018\/09\/Clausura-a-locales-bailables.jpeg","jetpack_shortlink":"https:\/\/wp.me\/p6RhLt-agi","jetpack_sharing_enabled":true,"_links":{"self":[{"href":"https:\/\/eldiariodesanpedro.com.ar\/sitio\/wp-json\/wp\/v2\/posts\/39450","targetHints":{"allow":["GET"]}}],"collection":[{"href":"https:\/\/eldiariodesanpedro.com.ar\/sitio\/wp-json\/wp\/v2\/posts"}],"about":[{"href":"https:\/\/eldiariodesanpedro.com.ar\/sitio\/wp-json\/wp\/v2\/types\/post"}],"author":[{"embeddable":true,"href":"https:\/\/eldiariodesanpedro.com.ar\/sitio\/wp-json\/wp\/v2\/users\/4"}],"replies":[{"embeddable":true,"href":"https:\/\/eldiariodesanpedro.com.ar\/sitio\/wp-json\/wp\/v2\/comments?post=39450"}],"version-history":[{"count":1,"href":"https:\/\/eldiariodesanpedro.com.ar\/sitio\/wp-json\/wp\/v2\/posts\/39450\/revisions"}],"predecessor-version":[{"id":39454,"href":"https:\/\/eldiariodesanpedro.com.ar\/sitio\/wp-json\/wp\/v2\/posts\/39450\/revisions\/39454"}],"wp:featuredmedia":[{"embeddable":true,"href":"https:\/\/eldiariodesanpedro.com.ar\/sitio\/wp-json\/wp\/v2\/media\/39451"}],"wp:attachment":[{"href":"https:\/\/eldiariodesanpedro.com.ar\/sitio\/wp-json\/wp\/v2\/media?parent=39450"}],"wp:term":[{"taxonomy":"category","embeddable":true,"href":"https:\/\/eldiariodesanpedro.com.ar\/sitio\/wp-json\/wp\/v2\/categories?post=39450"},{"taxonomy":"post_tag","embeddable":true,"href":"https:\/\/eldiariodesanpedro.com.ar\/sitio\/wp-json\/wp\/v2\/tags?post=39450"}],"curies":[{"name":"wp","href":"https:\/\/api.w.org\/{rel}","templated":true}]}}