{"id":39449,"date":"2018-09-02T20:21:37","date_gmt":"2018-09-02T23:21:37","guid":{"rendered":"https:\/\/eldiariodesanpedro.com.ar\/sitio\/?p=39449"},"modified":"2018-09-02T20:21:37","modified_gmt":"2018-09-02T23:21:37","slug":"un-conductor-colisiono-a-un-hombre-mayor-de-edad-y-se-dio-a-la-fuga","status":"publish","type":"post","link":"https:\/\/eldiariodesanpedro.com.ar\/sitio\/un-conductor-colisiono-a-un-hombre-mayor-de-edad-y-se-dio-a-la-fuga\/","title":{"rendered":"Un conductor colision\u00f3 a un hombre mayor de edad y se dio a la fuga"},"content":{"rendered":"<p><!-- VideographyWP Plugin Message: Automatic video embedding prevented by plugin options. --><br \/>\nEste s\u00e1bado, alrededor de las 23:30 hs., se produjo un incidente de tr\u00e1nsito en la intersecci\u00f3n de calles Sargento Selada y Ayacucho.<\/p>\n<p>  All\u00ed, circulaba una bicicleta conducida por un hombre de 64 a\u00f1os que fue colisionado por un automovilista que se fug\u00f3 del lugar no pudiendo ser identificado.<\/p>\n<p>  Como consecuencia, la v\u00edctima fue trasladada al nosocomio local donde se determin\u00f3 que presentaba traumatismos de car\u00e1cter leve. <\/p>\n","protected":false},"excerpt":{"rendered":"<p>Este s\u00e1bado, alrededor de las 23:30 hs., se produjo un incidente de tr\u00e1nsito en la intersecci\u00f3n de calles Sargento Selada y Ayacucho. All\u00ed, circulaba una bicicleta conducida por un hombre de 64 a\u00f1os que fue colisionado por un automovilista que se fug\u00f3 del lugar no pudiendo ser identificado. Como consecuencia, la v\u00edctima fue trasladada al [&hellip;]<\/p>\n","protected":false},"author":4,"featured_media":27248,"comment_status":"open","ping_status":"closed","sticky":false,"template":"","format":"standard","meta":{"om_disable_all_campaigns":false,"_jetpack_memberships_contains_paid_content":false,"footnotes":""},"categories":[2,103],"tags":[],"class_list":["post-39449","post","type-post","status-publish","format-standard","has-post-thumbnail","hentry","category-locales","category-policiales-locales"],"aioseo_notices":[],"gutentor_comment":0,"jetpack_featured_media_url":"https:\/\/eldiariodesanpedro.com.ar\/sitio\/wp-content\/uploads\/2017\/12\/Herido-de-arma-de-fuego-derivado-al-Hospital.jpg","jetpack_shortlink":"https:\/\/wp.me\/p6RhLt-agh","jetpack_sharing_enabled":true,"_links":{"self":[{"href":"https:\/\/eldiariodesanpedro.com.ar\/sitio\/wp-json\/wp\/v2\/posts\/39449","targetHints":{"allow":["GET"]}}],"collection":[{"href":"https:\/\/eldiariodesanpedro.com.ar\/sitio\/wp-json\/wp\/v2\/posts"}],"about":[{"href":"https:\/\/eldiariodesanpedro.com.ar\/sitio\/wp-json\/wp\/v2\/types\/post"}],"author":[{"embeddable":true,"href":"https:\/\/eldiariodesanpedro.com.ar\/sitio\/wp-json\/wp\/v2\/users\/4"}],"replies":[{"embeddable":true,"href":"https:\/\/eldiariodesanpedro.com.ar\/sitio\/wp-json\/wp\/v2\/comments?post=39449"}],"version-history":[{"count":2,"href":"https:\/\/eldiariodesanpedro.com.ar\/sitio\/wp-json\/wp\/v2\/posts\/39449\/revisions"}],"predecessor-version":[{"id":39457,"href":"https:\/\/eldiariodesanpedro.com.ar\/sitio\/wp-json\/wp\/v2\/posts\/39449\/revisions\/39457"}],"wp:featuredmedia":[{"embeddable":true,"href":"https:\/\/eldiariodesanpedro.com.ar\/sitio\/wp-json\/wp\/v2\/media\/27248"}],"wp:attachment":[{"href":"https:\/\/eldiariodesanpedro.com.ar\/sitio\/wp-json\/wp\/v2\/media?parent=39449"}],"wp:term":[{"taxonomy":"category","embeddable":true,"href":"https:\/\/eldiariodesanpedro.com.ar\/sitio\/wp-json\/wp\/v2\/categories?post=39449"},{"taxonomy":"post_tag","embeddable":true,"href":"https:\/\/eldiariodesanpedro.com.ar\/sitio\/wp-json\/wp\/v2\/tags?post=39449"}],"curies":[{"name":"wp","href":"https:\/\/api.w.org\/{rel}","templated":true}]}}