{"id":39448,"date":"2018-09-02T20:21:28","date_gmt":"2018-09-02T23:21:28","guid":{"rendered":"https:\/\/eldiariodesanpedro.com.ar\/sitio\/?p=39448"},"modified":"2018-09-02T20:21:28","modified_gmt":"2018-09-02T23:21:28","slug":"se-recupero-una-motocicleta-robada-2","status":"publish","type":"post","link":"https:\/\/eldiariodesanpedro.com.ar\/sitio\/se-recupero-una-motocicleta-robada-2\/","title":{"rendered":"Se recuper\u00f3 una motocicleta robada"},"content":{"rendered":"<p><!-- VideographyWP Plugin Message: Automatic video embedding prevented by plugin options. --><br \/>\nSe logr\u00f3 el secuestro de una motocicleta robada, se aprehendi\u00f3 a una mujer con pedido de paradero activo por usurpaci\u00f3n de una vivienda y, se aprehendi\u00f3 a un joven que circulaba alcoholizado por resistencia a la autoridad. <\/p>\n<p>  Este s\u00e1bado en la intersecci\u00f3n de calles Chivilcoy y Caroni, un m\u00f3vil de la polic\u00eda de nuestra ciudad intercept\u00f3 a una motociclista de 15 a\u00f1os que circulaba en una moto Honda Biz 125 cc negra, la cual registraba un pedido de secuestro activo solicitado por UFI N\u00b0 8 y hab\u00eda sido robada el 10 de enero de 2018. Intervino la UFI del Joven N\u00b0 1 y dispuso la notificaci\u00f3n de la causa a la menor y su posterior entrega a los progenitores.<br \/>\n  Tambi\u00e9n el s\u00e1bado, tras un operativo de interceptaci\u00f3n vehicular, en la intersecci\u00f3n de las de las calles Lucio Mansilla y Camino Guzzo de Gobernador Castro, se intercept\u00f3 un autom\u00f3vil VW Suran Rojo, conducido por una mujer de 34 a\u00f1os. Sobre ella pesaba un pedido de paradero activo del d\u00eda 07 de septiembre de 2017 por \u201cUsurpaci\u00f3n de propiedad\u00bb, con intervenci\u00f3n del Juzgado Correccional N\u00ba 1 Depto. Judicial San Nicol\u00e1s.<br \/>\n  En la madrugada del domingo, en la intersecci\u00f3n de calles Arnaldo y Pellegrini, la polic\u00eda de nuestra ciudad procedi\u00f3 al traslado de un joven de 23 a\u00f1os quien se movilizaba en una motocicleta honda 110 cc y hab\u00eda evadido un control de tr\u00e1nsito vehicular. Al momento de su identificaci\u00f3n se resisti\u00f3 ante los efectivos, torn\u00e1ndose agresivo y con intenci\u00f3n de agredirlos. Intervino la UFI N\u00b0 11 que dispuso la notificaci\u00f3n de la formaci\u00f3n de la causa y permanece alojado en la Comisar\u00eda a disposici\u00f3n de la Justicia. Personal de tr\u00e1nsito le realiz\u00f3 un test de alcoholemia que dio positivo, quedando el rodado secuestrado a su disposici\u00f3n.<\/p>\n","protected":false},"excerpt":{"rendered":"<p>Se logr\u00f3 el secuestro de una motocicleta robada, se aprehendi\u00f3 a una mujer con pedido de paradero activo por usurpaci\u00f3n de una vivienda y, se aprehendi\u00f3 a un joven que circulaba alcoholizado por resistencia a la autoridad. Este s\u00e1bado en la intersecci\u00f3n de calles Chivilcoy y Caroni, un m\u00f3vil de la polic\u00eda de nuestra ciudad [&hellip;]<\/p>\n","protected":false},"author":4,"featured_media":19287,"comment_status":"open","ping_status":"closed","sticky":false,"template":"","format":"standard","meta":{"om_disable_all_campaigns":false,"_jetpack_memberships_contains_paid_content":false,"footnotes":""},"categories":[2,103],"tags":[],"class_list":["post-39448","post","type-post","status-publish","format-standard","has-post-thumbnail","hentry","category-locales","category-policiales-locales"],"aioseo_notices":[],"gutentor_comment":0,"jetpack_featured_media_url":"https:\/\/eldiariodesanpedro.com.ar\/sitio\/wp-content\/uploads\/2017\/06\/patrullero-policia-noche.jpg","jetpack_shortlink":"https:\/\/wp.me\/p6RhLt-agg","jetpack_sharing_enabled":true,"_links":{"self":[{"href":"https:\/\/eldiariodesanpedro.com.ar\/sitio\/wp-json\/wp\/v2\/posts\/39448","targetHints":{"allow":["GET"]}}],"collection":[{"href":"https:\/\/eldiariodesanpedro.com.ar\/sitio\/wp-json\/wp\/v2\/posts"}],"about":[{"href":"https:\/\/eldiariodesanpedro.com.ar\/sitio\/wp-json\/wp\/v2\/types\/post"}],"author":[{"embeddable":true,"href":"https:\/\/eldiariodesanpedro.com.ar\/sitio\/wp-json\/wp\/v2\/users\/4"}],"replies":[{"embeddable":true,"href":"https:\/\/eldiariodesanpedro.com.ar\/sitio\/wp-json\/wp\/v2\/comments?post=39448"}],"version-history":[{"count":2,"href":"https:\/\/eldiariodesanpedro.com.ar\/sitio\/wp-json\/wp\/v2\/posts\/39448\/revisions"}],"predecessor-version":[{"id":39455,"href":"https:\/\/eldiariodesanpedro.com.ar\/sitio\/wp-json\/wp\/v2\/posts\/39448\/revisions\/39455"}],"wp:featuredmedia":[{"embeddable":true,"href":"https:\/\/eldiariodesanpedro.com.ar\/sitio\/wp-json\/wp\/v2\/media\/19287"}],"wp:attachment":[{"href":"https:\/\/eldiariodesanpedro.com.ar\/sitio\/wp-json\/wp\/v2\/media?parent=39448"}],"wp:term":[{"taxonomy":"category","embeddable":true,"href":"https:\/\/eldiariodesanpedro.com.ar\/sitio\/wp-json\/wp\/v2\/categories?post=39448"},{"taxonomy":"post_tag","embeddable":true,"href":"https:\/\/eldiariodesanpedro.com.ar\/sitio\/wp-json\/wp\/v2\/tags?post=39448"}],"curies":[{"name":"wp","href":"https:\/\/api.w.org\/{rel}","templated":true}]}}