{"id":39444,"date":"2018-09-01T09:50:30","date_gmt":"2018-09-01T12:50:30","guid":{"rendered":"https:\/\/eldiariodesanpedro.com.ar\/sitio\/?p=39444"},"modified":"2018-09-01T09:50:30","modified_gmt":"2018-09-01T12:50:30","slug":"circulaba-en-bicicleta-cuando-dos-delincuentes-le-arrebataron-el-celular","status":"publish","type":"post","link":"https:\/\/eldiariodesanpedro.com.ar\/sitio\/circulaba-en-bicicleta-cuando-dos-delincuentes-le-arrebataron-el-celular\/","title":{"rendered":"Circulaba en bicicleta cuando dos delincuentes le arrebataron el celular"},"content":{"rendered":"<p><!-- VideographyWP Plugin Message: Automatic video embedding prevented by plugin options. --><br \/>\nUna joven denuncio este viernes en la Dependencia Local que mientras circulaba en su bicicleta por calle Saavedra a la altura de Hermano Indio, dos delincuentes la detuvieron amenazandola verbalmente y le sustrajeron el celular.<\/p>\n<p>La v\u00edctima resulto ilesa y toma intervenci\u00f3n la Fiscal\u00eda de turno.<\/p>\n","protected":false},"excerpt":{"rendered":"<p>Una joven denuncio este viernes en la Dependencia Local que mientras circulaba en su bicicleta por calle Saavedra a la altura de Hermano Indio, dos delincuentes la detuvieron amenazandola verbalmente y le sustrajeron el celular. La v\u00edctima resulto ilesa y toma intervenci\u00f3n la Fiscal\u00eda de turno.<\/p>\n","protected":false},"author":4,"featured_media":39445,"comment_status":"open","ping_status":"closed","sticky":false,"template":"","format":"standard","meta":{"om_disable_all_campaigns":false,"_jetpack_memberships_contains_paid_content":false,"footnotes":""},"categories":[2,103],"tags":[],"class_list":["post-39444","post","type-post","status-publish","format-standard","has-post-thumbnail","hentry","category-locales","category-policiales-locales"],"aioseo_notices":[],"gutentor_comment":0,"jetpack_featured_media_url":"https:\/\/eldiariodesanpedro.com.ar\/sitio\/wp-content\/uploads\/2018\/09\/smartphone_theft_634x306x24_expand_h2f9a74a7.jpg","jetpack_shortlink":"https:\/\/wp.me\/p6RhLt-agc","jetpack_sharing_enabled":true,"_links":{"self":[{"href":"https:\/\/eldiariodesanpedro.com.ar\/sitio\/wp-json\/wp\/v2\/posts\/39444","targetHints":{"allow":["GET"]}}],"collection":[{"href":"https:\/\/eldiariodesanpedro.com.ar\/sitio\/wp-json\/wp\/v2\/posts"}],"about":[{"href":"https:\/\/eldiariodesanpedro.com.ar\/sitio\/wp-json\/wp\/v2\/types\/post"}],"author":[{"embeddable":true,"href":"https:\/\/eldiariodesanpedro.com.ar\/sitio\/wp-json\/wp\/v2\/users\/4"}],"replies":[{"embeddable":true,"href":"https:\/\/eldiariodesanpedro.com.ar\/sitio\/wp-json\/wp\/v2\/comments?post=39444"}],"version-history":[{"count":1,"href":"https:\/\/eldiariodesanpedro.com.ar\/sitio\/wp-json\/wp\/v2\/posts\/39444\/revisions"}],"predecessor-version":[{"id":39446,"href":"https:\/\/eldiariodesanpedro.com.ar\/sitio\/wp-json\/wp\/v2\/posts\/39444\/revisions\/39446"}],"wp:featuredmedia":[{"embeddable":true,"href":"https:\/\/eldiariodesanpedro.com.ar\/sitio\/wp-json\/wp\/v2\/media\/39445"}],"wp:attachment":[{"href":"https:\/\/eldiariodesanpedro.com.ar\/sitio\/wp-json\/wp\/v2\/media?parent=39444"}],"wp:term":[{"taxonomy":"category","embeddable":true,"href":"https:\/\/eldiariodesanpedro.com.ar\/sitio\/wp-json\/wp\/v2\/categories?post=39444"},{"taxonomy":"post_tag","embeddable":true,"href":"https:\/\/eldiariodesanpedro.com.ar\/sitio\/wp-json\/wp\/v2\/tags?post=39444"}],"curies":[{"name":"wp","href":"https:\/\/api.w.org\/{rel}","templated":true}]}}