{"id":39442,"date":"2018-09-01T09:39:49","date_gmt":"2018-09-01T12:39:49","guid":{"rendered":"https:\/\/eldiariodesanpedro.com.ar\/sitio\/?p=39442"},"modified":"2018-09-01T09:39:49","modified_gmt":"2018-09-01T12:39:49","slug":"un-hombre-fue-aprehendido-por-causar-danos-en-el-interior-de-un-hotel","status":"publish","type":"post","link":"https:\/\/eldiariodesanpedro.com.ar\/sitio\/un-hombre-fue-aprehendido-por-causar-danos-en-el-interior-de-un-hotel\/","title":{"rendered":"Un hombre fue aprehendido por causar da\u00f1os en el interior de un Hotel"},"content":{"rendered":"<p><!-- VideographyWP Plugin Message: Automatic video embedding prevented by plugin options. --><br \/>\nEl hecho ocurri\u00f3 este viernes, cuando el propietario del Hotel Brisa, ubicado en calle Belgrano al 1300, llama al 911, contando que un ciudadano se encontraba causandoles da\u00f1os a los muebles, en una de las habitaciones.<\/p>\n<p>Personal policial se comisiona al lugar, donde proceden a la aprehensi\u00f3n de un joven de 28 a\u00f1os de edad, trasladado a la Comisar\u00eda Local y secuestrando en su poder un arma blanca. El morador desconoce los motivos de su agresi\u00f3n. Interviene UFI N\u00ba11 <\/p>\n","protected":false},"excerpt":{"rendered":"<p>El hecho ocurri\u00f3 este viernes, cuando el propietario del Hotel Brisa, ubicado en calle Belgrano al 1300, llama al 911, contando que un ciudadano se encontraba causandoles da\u00f1os a los muebles, en una de las habitaciones. Personal policial se comisiona al lugar, donde proceden a la aprehensi\u00f3n de un joven de 28 a\u00f1os de edad, [&hellip;]<\/p>\n","protected":false},"author":4,"featured_media":29146,"comment_status":"open","ping_status":"closed","sticky":false,"template":"","format":"standard","meta":{"om_disable_all_campaigns":false,"_jetpack_memberships_contains_paid_content":false,"footnotes":""},"categories":[2,103],"tags":[],"class_list":["post-39442","post","type-post","status-publish","format-standard","has-post-thumbnail","hentry","category-locales","category-policiales-locales"],"aioseo_notices":[],"gutentor_comment":0,"jetpack_featured_media_url":"https:\/\/eldiariodesanpedro.com.ar\/sitio\/wp-content\/uploads\/2018\/02\/El-sujeto-aprehendido.jpg","jetpack_shortlink":"https:\/\/wp.me\/p6RhLt-aga","jetpack_sharing_enabled":true,"_links":{"self":[{"href":"https:\/\/eldiariodesanpedro.com.ar\/sitio\/wp-json\/wp\/v2\/posts\/39442","targetHints":{"allow":["GET"]}}],"collection":[{"href":"https:\/\/eldiariodesanpedro.com.ar\/sitio\/wp-json\/wp\/v2\/posts"}],"about":[{"href":"https:\/\/eldiariodesanpedro.com.ar\/sitio\/wp-json\/wp\/v2\/types\/post"}],"author":[{"embeddable":true,"href":"https:\/\/eldiariodesanpedro.com.ar\/sitio\/wp-json\/wp\/v2\/users\/4"}],"replies":[{"embeddable":true,"href":"https:\/\/eldiariodesanpedro.com.ar\/sitio\/wp-json\/wp\/v2\/comments?post=39442"}],"version-history":[{"count":1,"href":"https:\/\/eldiariodesanpedro.com.ar\/sitio\/wp-json\/wp\/v2\/posts\/39442\/revisions"}],"predecessor-version":[{"id":39443,"href":"https:\/\/eldiariodesanpedro.com.ar\/sitio\/wp-json\/wp\/v2\/posts\/39442\/revisions\/39443"}],"wp:featuredmedia":[{"embeddable":true,"href":"https:\/\/eldiariodesanpedro.com.ar\/sitio\/wp-json\/wp\/v2\/media\/29146"}],"wp:attachment":[{"href":"https:\/\/eldiariodesanpedro.com.ar\/sitio\/wp-json\/wp\/v2\/media?parent=39442"}],"wp:term":[{"taxonomy":"category","embeddable":true,"href":"https:\/\/eldiariodesanpedro.com.ar\/sitio\/wp-json\/wp\/v2\/categories?post=39442"},{"taxonomy":"post_tag","embeddable":true,"href":"https:\/\/eldiariodesanpedro.com.ar\/sitio\/wp-json\/wp\/v2\/tags?post=39442"}],"curies":[{"name":"wp","href":"https:\/\/api.w.org\/{rel}","templated":true}]}}