{"id":39440,"date":"2018-09-01T09:27:29","date_gmt":"2018-09-01T12:27:29","guid":{"rendered":"https:\/\/eldiariodesanpedro.com.ar\/sitio\/?p=39440"},"modified":"2018-09-01T09:27:29","modified_gmt":"2018-09-01T12:27:29","slug":"jovenes-con-hechos-de-violencia-en-la-via-publica","status":"publish","type":"post","link":"https:\/\/eldiariodesanpedro.com.ar\/sitio\/jovenes-con-hechos-de-violencia-en-la-via-publica\/","title":{"rendered":"Jovenes con hechos de violencia en la v\u00eda p\u00fablica"},"content":{"rendered":"<p><!-- VideographyWP Plugin Message: Automatic video embedding prevented by plugin options. --><\/p>\n<p>AMENAZAS AGRAVADAS. DENUNCI\u00d3<br \/>\nEn la tarde noche del dia viernes, un joven denuncio en la Dependencia Local que mientras transitaba caminando por calle Saavedra al 1000, lo sorprende una persona a quien conoce y el cual lo amenaza verbalmente y lo intimida con un arma blanca, por esta raz\u00f3n la v\u00edctima le propina un golpe de pu\u00f1o al agresor y emprende a la fuga. Desconoce los motivos.<\/p>\n<p>Tambien una joven denuncio que en el momento en que caminaba por calle Javier Rivero, se le acerca otra mujer a quien conoce y luego de una peque\u00f1a discusi\u00f3n, le propina golpe de pu\u00f1o en el rostro causando lesiones car\u00e1cter leves.<\/p>\n<p>La v\u00edctima cont\u00f3 que la ri\u00f1a fue por  problemas que derivan con hijos de ambas que se llevan mal.<\/p>\n<p>En ambos casos interviene la Fiscal\u00eda N\u00ba5 del Dr Manso.<\/p>\n","protected":false},"excerpt":{"rendered":"<p>AMENAZAS AGRAVADAS. DENUNCI\u00d3 En la tarde noche del dia viernes, un joven denuncio en la Dependencia Local que mientras transitaba caminando por calle Saavedra al 1000, lo sorprende una persona a quien conoce y el cual lo amenaza verbalmente y lo intimida con un arma blanca, por esta raz\u00f3n la v\u00edctima le propina un golpe [&hellip;]<\/p>\n","protected":false},"author":4,"featured_media":26677,"comment_status":"open","ping_status":"closed","sticky":false,"template":"","format":"standard","meta":{"om_disable_all_campaigns":false,"_jetpack_memberships_contains_paid_content":false,"footnotes":""},"categories":[2,103],"tags":[],"class_list":["post-39440","post","type-post","status-publish","format-standard","has-post-thumbnail","hentry","category-locales","category-policiales-locales"],"aioseo_notices":[],"gutentor_comment":0,"jetpack_featured_media_url":"https:\/\/eldiariodesanpedro.com.ar\/sitio\/wp-content\/uploads\/2017\/12\/patrullas-policia-noche.jpg","jetpack_shortlink":"https:\/\/wp.me\/p6RhLt-ag8","jetpack_sharing_enabled":true,"_links":{"self":[{"href":"https:\/\/eldiariodesanpedro.com.ar\/sitio\/wp-json\/wp\/v2\/posts\/39440","targetHints":{"allow":["GET"]}}],"collection":[{"href":"https:\/\/eldiariodesanpedro.com.ar\/sitio\/wp-json\/wp\/v2\/posts"}],"about":[{"href":"https:\/\/eldiariodesanpedro.com.ar\/sitio\/wp-json\/wp\/v2\/types\/post"}],"author":[{"embeddable":true,"href":"https:\/\/eldiariodesanpedro.com.ar\/sitio\/wp-json\/wp\/v2\/users\/4"}],"replies":[{"embeddable":true,"href":"https:\/\/eldiariodesanpedro.com.ar\/sitio\/wp-json\/wp\/v2\/comments?post=39440"}],"version-history":[{"count":1,"href":"https:\/\/eldiariodesanpedro.com.ar\/sitio\/wp-json\/wp\/v2\/posts\/39440\/revisions"}],"predecessor-version":[{"id":39441,"href":"https:\/\/eldiariodesanpedro.com.ar\/sitio\/wp-json\/wp\/v2\/posts\/39440\/revisions\/39441"}],"wp:featuredmedia":[{"embeddable":true,"href":"https:\/\/eldiariodesanpedro.com.ar\/sitio\/wp-json\/wp\/v2\/media\/26677"}],"wp:attachment":[{"href":"https:\/\/eldiariodesanpedro.com.ar\/sitio\/wp-json\/wp\/v2\/media?parent=39440"}],"wp:term":[{"taxonomy":"category","embeddable":true,"href":"https:\/\/eldiariodesanpedro.com.ar\/sitio\/wp-json\/wp\/v2\/categories?post=39440"},{"taxonomy":"post_tag","embeddable":true,"href":"https:\/\/eldiariodesanpedro.com.ar\/sitio\/wp-json\/wp\/v2\/tags?post=39440"}],"curies":[{"name":"wp","href":"https:\/\/api.w.org\/{rel}","templated":true}]}}