{"id":39429,"date":"2018-08-31T20:52:59","date_gmt":"2018-08-31T23:52:59","guid":{"rendered":"https:\/\/eldiariodesanpedro.com.ar\/sitio\/?p=39429"},"modified":"2026-01-24T00:11:07","modified_gmt":"2026-01-24T03:11:07","slug":"ciclismo-entrenamientos-y-competencias","status":"publish","type":"post","link":"https:\/\/eldiariodesanpedro.com.ar\/sitio\/ciclismo-entrenamientos-y-competencias\/","title":{"rendered":"CICLISMO: Entrenamientos y competencias"},"content":{"rendered":"<p><!-- VideographyWP Plugin Message: Automatic video embedding prevented by plugin options. --><br \/>\nLos ciclistas de nuestra ciudad, han comenzado a poner en marcha un campeonato de los d\u00edas mi\u00e9rcoles, a modo de realizar durante la semana un entrenamiento organizado y reflotar la idea llevada a cabo, a\u00f1os atr\u00e1s.<\/p>\n<p><strong>Resultados y posiciones<\/strong><br \/>\n<strong>Clasificaciones<\/strong><\/p>\n<p><em>Pe\u00f1a:<\/em><br \/>\n1ro. Pablo Guerra<br \/>\n2do. Rub\u00e9n Morales<br \/>\n3ro. Diego Clement\u00edn<br \/>\n4to. Daniel Chipolini<br \/>\n5to. Javier \u201cPinino\u201d Gorbar\u00e1n<\/p>\n<p><em>Mayores:<\/em><br \/>\n1ro. Gustavo Arp\u00eda<br \/>\n2do. Juan Quintero<br \/>\n3ro. Mario Fabrizzio<br \/>\n4to. Mauricio Baca<br \/>\n5to. Juan Emilio Villarruel<\/p>\n<p><em>Libre:<\/em><br \/>\n1ro. Juan Jos\u00e9 Paz<br \/>\n2do. Mariano Manzo<br \/>\n3ro. L\u00e1zaro Villarruel<br \/>\n4to. Fernando \u201cPalomo\u201d Corval\u00e1n<br \/>\n5to. Francisco Chipolini<\/p>\n<p><strong>Corridas dos fechas estas son las clasificaciones.<\/strong><\/p>\n<p><em>Pe\u00f1a:<\/em><br \/>\n1ro. Javier \u201cPinino\u201d Gorbar\u00e1n 13 Pts.<br \/>\n2do. Daniel Chipolini 11 Pts.<br \/>\n3ro. Pablo Guerra 9 Pts.<br \/>\n4to. Ra\u00fal Canabal 8 Pts.<br \/>\n5to. Rub\u00e9n Morales 7 Pts.<br \/>\n6to. Diego Clement\u00edn 6 Pts.<br \/>\n7mo. Ceferino Escobar 4 Pts.<\/p>\n<p><em>Mayores y \u201cC\u201d:<\/em><br \/>\n1ro Gustavo Arp\u00eda 18 Pts.<br \/>\n2do Mario Fabrizzio 13 Pts.<br \/>\n3ro Mauricio Baca 10 Pts.<br \/>\n4to Juan Quintero 7 Pts.<br \/>\n5to Ra\u00fal Gauna 6 Pts.<br \/>\n6to Lucas Arp\u00eda 4 Pts.<br \/>\n7mo Juan Emilio Villarruel 4 Pts.<\/p>\n<p><em>Libre:<\/em><br \/>\n1ro Jos\u00e9 Luis Pereyra 12 Pts.<br \/>\n2do Juan Pablo Villarruel 10 Pts.<br \/>\n3ro Francisco Chipolini 9 Pts.<br \/>\n4to Juan Jos\u00e9 Paz 9 Pts.<br \/>\n5to L\u00e1zaro Villarruel 9 Pts.<br \/>\n6to Fernando \u201cPalomo\u201d Corval\u00e1n 8 Pts.<br \/>\n7mo Mariano Manzo 7 Pts.<br \/>\n8vo. Dami\u00e1n Boscherino 7 Pts.<\/p>\n","protected":false},"excerpt":{"rendered":"<p>Los ciclistas de nuestra ciudad, han comenzado a poner en marcha un campeonato de los d\u00edas mi\u00e9rcoles, a modo de realizar durante la semana un entrenamiento organizado y reflotar la idea llevada a cabo, a\u00f1os atr\u00e1s. Resultados y posiciones Clasificaciones Pe\u00f1a: 1ro. Pablo Guerra 2do. Rub\u00e9n Morales 3ro. Diego Clement\u00edn 4to. Daniel Chipolini 5to. Javier [&hellip;]<\/p>\n","protected":false},"author":4,"featured_media":24046,"comment_status":"open","ping_status":"closed","sticky":false,"template":"","format":"standard","meta":{"om_disable_all_campaigns":false,"_jetpack_memberships_contains_paid_content":false,"footnotes":""},"categories":[5],"tags":[],"class_list":["post-39429","post","type-post","status-publish","format-standard","has-post-thumbnail","hentry","category-deportes"],"aioseo_notices":[],"gutentor_comment":0,"jetpack_featured_media_url":"https:\/\/eldiariodesanpedro.com.ar\/sitio\/wp-content\/uploads\/2017\/10\/ciclismo-2.jpg","jetpack_shortlink":"https:\/\/wp.me\/p6RhLt-afX","jetpack_sharing_enabled":true,"_links":{"self":[{"href":"https:\/\/eldiariodesanpedro.com.ar\/sitio\/wp-json\/wp\/v2\/posts\/39429","targetHints":{"allow":["GET"]}}],"collection":[{"href":"https:\/\/eldiariodesanpedro.com.ar\/sitio\/wp-json\/wp\/v2\/posts"}],"about":[{"href":"https:\/\/eldiariodesanpedro.com.ar\/sitio\/wp-json\/wp\/v2\/types\/post"}],"author":[{"embeddable":true,"href":"https:\/\/eldiariodesanpedro.com.ar\/sitio\/wp-json\/wp\/v2\/users\/4"}],"replies":[{"embeddable":true,"href":"https:\/\/eldiariodesanpedro.com.ar\/sitio\/wp-json\/wp\/v2\/comments?post=39429"}],"version-history":[{"count":2,"href":"https:\/\/eldiariodesanpedro.com.ar\/sitio\/wp-json\/wp\/v2\/posts\/39429\/revisions"}],"predecessor-version":[{"id":39434,"href":"https:\/\/eldiariodesanpedro.com.ar\/sitio\/wp-json\/wp\/v2\/posts\/39429\/revisions\/39434"}],"wp:featuredmedia":[{"embeddable":true,"href":"https:\/\/eldiariodesanpedro.com.ar\/sitio\/wp-json\/wp\/v2\/media\/24046"}],"wp:attachment":[{"href":"https:\/\/eldiariodesanpedro.com.ar\/sitio\/wp-json\/wp\/v2\/media?parent=39429"}],"wp:term":[{"taxonomy":"category","embeddable":true,"href":"https:\/\/eldiariodesanpedro.com.ar\/sitio\/wp-json\/wp\/v2\/categories?post=39429"},{"taxonomy":"post_tag","embeddable":true,"href":"https:\/\/eldiariodesanpedro.com.ar\/sitio\/wp-json\/wp\/v2\/tags?post=39429"}],"curies":[{"name":"wp","href":"https:\/\/api.w.org\/{rel}","templated":true}]}}