{"id":39425,"date":"2018-08-31T20:50:18","date_gmt":"2018-08-31T23:50:18","guid":{"rendered":"https:\/\/eldiariodesanpedro.com.ar\/sitio\/?p=39425"},"modified":"2026-01-24T00:11:07","modified_gmt":"2026-01-24T03:11:07","slug":"futbol-local-se-completa-la-tercera-fecha","status":"publish","type":"post","link":"https:\/\/eldiariodesanpedro.com.ar\/sitio\/futbol-local-se-completa-la-tercera-fecha\/","title":{"rendered":"F\u00daTBOL LOCAL: Se completa la tercera fecha"},"content":{"rendered":"<p><!-- VideographyWP Plugin Message: Automatic video embedding prevented by plugin options. --><br \/>\n  Con varios partidos y un convocante cl\u00e1sico, se disputa lo que resta de la tercera jornada que tuvo s\u00f3lo dos adelantados por la lluvia: Mitre-Las Palmeras 1-1 y Fundici\u00f3n-Portela 1-0. Hoy juega con primera solamente La Esperanza-Banfield y el resto el domingo, donde el cl\u00e1sico central C\u00f3rdoba-Gral. San Mart\u00edn sobresale del resto.<\/p>\n<p><strong>Los partidos y horarios<\/strong><\/p>\n<p><em>Zona A<\/em><br \/>\nLa Esperanza vs. Banfield (s\u00e1bado 01\/09)<br \/>\n(Primera: 15:30)<br \/>\nDomingo 2 de septiembre<br \/>\nParan\u00e1 FC vs. Agricultores Club<br \/>\n(Quinta: 10:30\/Cuarta: 11:45\/Tercera: 13:00\/Sub 21: 14:30\/Primera: 16:15)<br \/>\nSportivo vs. Am\u00e9rica<br \/>\n(Quinta: 11:00\/Cuarta: 12:15\/Tercera: 13:30\/Sub 21: 15:00\/Primera: 16:45)<\/p>\n<p><em>Zona B<\/em><br \/>\nDep. Alsina vs. Rivadavia<br \/>\n(Quinta: 10:30\/Cuarta: 11:45\/Tercera: 13:00\/Sub 21: 14:30\/Primera: 16:15)<br \/>\nAtl\u00e9tico vs. Independencia FC<br \/>\n(Quinta: 10:00\/Cuarta: 11:15\/Tercera: 12:30\/Sub 21: 14:00\/Primera: 15:45)<br \/>\nDef. Unidos vs. San Roque FC<br \/>\n(Quinta: 10:00\/Cuarta: 11:15\/Tercera: 12:30\/Sub 21: 14:00\/Primera: 15:45)<\/p>\n<p><em>Interzonal<\/em><br \/>\nCentral C\u00f3rdoba vs. Gral. San Mart\u00edn<br \/>\n(Quinta: 10:30\/Cuarta: 11:45\/Tercera: 13:00\/Sub 21: 14:30\/Primera: 16:15)<\/p>\n","protected":false},"excerpt":{"rendered":"<p>Con varios partidos y un convocante cl\u00e1sico, se disputa lo que resta de la tercera jornada que tuvo s\u00f3lo dos adelantados por la lluvia: Mitre-Las Palmeras 1-1 y Fundici\u00f3n-Portela 1-0. Hoy juega con primera solamente La Esperanza-Banfield y el resto el domingo, donde el cl\u00e1sico central C\u00f3rdoba-Gral. San Mart\u00edn sobresale del resto. Los partidos y [&hellip;]<\/p>\n","protected":false},"author":4,"featured_media":12943,"comment_status":"open","ping_status":"closed","sticky":false,"template":"","format":"standard","meta":{"om_disable_all_campaigns":false,"_jetpack_memberships_contains_paid_content":false,"footnotes":""},"categories":[5],"tags":[],"class_list":["post-39425","post","type-post","status-publish","format-standard","has-post-thumbnail","hentry","category-deportes"],"aioseo_notices":[],"gutentor_comment":0,"jetpack_featured_media_url":"https:\/\/eldiariodesanpedro.com.ar\/sitio\/wp-content\/uploads\/2017\/01\/futbol.jpg","jetpack_shortlink":"https:\/\/wp.me\/p6RhLt-afT","jetpack_sharing_enabled":true,"_links":{"self":[{"href":"https:\/\/eldiariodesanpedro.com.ar\/sitio\/wp-json\/wp\/v2\/posts\/39425","targetHints":{"allow":["GET"]}}],"collection":[{"href":"https:\/\/eldiariodesanpedro.com.ar\/sitio\/wp-json\/wp\/v2\/posts"}],"about":[{"href":"https:\/\/eldiariodesanpedro.com.ar\/sitio\/wp-json\/wp\/v2\/types\/post"}],"author":[{"embeddable":true,"href":"https:\/\/eldiariodesanpedro.com.ar\/sitio\/wp-json\/wp\/v2\/users\/4"}],"replies":[{"embeddable":true,"href":"https:\/\/eldiariodesanpedro.com.ar\/sitio\/wp-json\/wp\/v2\/comments?post=39425"}],"version-history":[{"count":2,"href":"https:\/\/eldiariodesanpedro.com.ar\/sitio\/wp-json\/wp\/v2\/posts\/39425\/revisions"}],"predecessor-version":[{"id":39428,"href":"https:\/\/eldiariodesanpedro.com.ar\/sitio\/wp-json\/wp\/v2\/posts\/39425\/revisions\/39428"}],"wp:featuredmedia":[{"embeddable":true,"href":"https:\/\/eldiariodesanpedro.com.ar\/sitio\/wp-json\/wp\/v2\/media\/12943"}],"wp:attachment":[{"href":"https:\/\/eldiariodesanpedro.com.ar\/sitio\/wp-json\/wp\/v2\/media?parent=39425"}],"wp:term":[{"taxonomy":"category","embeddable":true,"href":"https:\/\/eldiariodesanpedro.com.ar\/sitio\/wp-json\/wp\/v2\/categories?post=39425"},{"taxonomy":"post_tag","embeddable":true,"href":"https:\/\/eldiariodesanpedro.com.ar\/sitio\/wp-json\/wp\/v2\/tags?post=39425"}],"curies":[{"name":"wp","href":"https:\/\/api.w.org\/{rel}","templated":true}]}}